{"id":9204,"date":"2021-11-29T18:31:44","date_gmt":"2021-11-29T16:31:44","guid":{"rendered":"https:\/\/mon.uvic.cat\/butlleti-recerca\/?p=9204"},"modified":"2021-11-29T18:31:44","modified_gmt":"2021-11-29T16:31:44","slug":"comprender-y-escribir-lo-dificil-relatar-perdiendose-en-lo-conflictivo-de-la-educacion","status":"publish","type":"post","link":"https:\/\/mon.uvic.cat\/butlleti-recerca\/2021\/11\/29\/comprender-y-escribir-lo-dificil-relatar-perdiendose-en-lo-conflictivo-de-la-educacion\/","title":{"rendered":"Comprender y escribir lo dif\u00edcil. Relatar perdi\u00e9ndose en lo conflictivo de la educaci\u00f3n"},"content":{"rendered":"<ul>\n<li>Collelldemont Pujadas, E., &amp; G\u00f3mez Mund\u00f3, Anna. (2021). Comprender y escribir lo dif\u00edcil. Relatar perdi\u00e9ndose en lo conflictivo de la educaci\u00f3n. <em>Curriculo sem Fronteiras<\/em>, 21(2), 722-739. <a href=\"https:\/\/doi.org\/10.35786\/1645-1384.v21.n2.14\" target=\"_blank\" rel=\"noopener\">https:\/\/doi.org\/10.35786\/1645-1384.v21.n2.14<\/a><\/li>\n<\/ul>\n","protected":false},"excerpt":{"rendered":"<p>Collelldemont Pujadas, E., &amp; G\u00f3mez Mund\u00f3, Anna. (2021). Comprender y escribir lo dif\u00edcil. Relatar perdi\u00e9ndose en lo conflictivo de la &hellip; <a href=\"https:\/\/mon.uvic.cat\/butlleti-recerca\/2021\/11\/29\/comprender-y-escribir-lo-dificil-relatar-perdiendose-en-lo-conflictivo-de-la-educacion\/\">Read More<\/a><\/p>\n","protected":false},"author":430,"featured_media":0,"comment_status":"open","ping_status":"open","sticky":false,"template":"","format":"standard","meta":{"_price":"","_stock":"","_tribe_ticket_header":"","_tribe_default_ticket_provider":"","_tribe_ticket_capacity":"0","_ticket_start_date":"","_ticket_end_date":"","_tribe_ticket_show_description":"","_tribe_ticket_show_not_going":false,"_tribe_ticket_use_global_stock":"","_tribe_ticket_global_stock_level":"","_global_stock_mode":"","_global_stock_cap":"","_tribe_rsvp_for_event":"","_tribe_ticket_going_count":"","_tribe_ticket_not_going_count":"","_tribe_tickets_list":"[]","_tribe_ticket_has_attendee_info_fields":false,"jetpack_post_was_ever_published":false,"_jetpack_newsletter_access":"","_jetpack_dont_email_post_to_subs":false,"_jetpack_newsletter_tier_id":0,"_jetpack_memberships_contains_paywalled_content":false,"_jetpack_memberships_contains_paid_content":false,"footnotes":"","jetpack_publicize_message":"","jetpack_publicize_feature_enabled":true,"jetpack_social_post_already_shared":true,"jetpack_social_options":{"image_generator_settings":{"template":"highway","default_image_id":0,"font":"","enabled":false},"version":2}},"categories":[4],"tags":[],"class_list":["post-9204","post","type-post","status-publish","format-standard","hentry","category-publicacions"],"jetpack_publicize_connections":[],"jetpack_featured_media_url":"","jetpack_sharing_enabled":true,"jetpack_shortlink":"https:\/\/wp.me\/paCdMn-2os","publishpress_future_action":{"enabled":false,"date":"2026-05-05 08:13:08","action":"change-status","newStatus":"trash","terms":[],"taxonomy":"category","extraData":[]},"publishpress_future_workflow_manual_trigger":{"enabledWorkflows":[]},"_links":{"self":[{"href":"https:\/\/mon.uvic.cat\/butlleti-recerca\/wp-json\/wp\/v2\/posts\/9204","targetHints":{"allow":["GET"]}}],"collection":[{"href":"https:\/\/mon.uvic.cat\/butlleti-recerca\/wp-json\/wp\/v2\/posts"}],"about":[{"href":"https:\/\/mon.uvic.cat\/butlleti-recerca\/wp-json\/wp\/v2\/types\/post"}],"author":[{"embeddable":true,"href":"https:\/\/mon.uvic.cat\/butlleti-recerca\/wp-json\/wp\/v2\/users\/430"}],"replies":[{"embeddable":true,"href":"https:\/\/mon.uvic.cat\/butlleti-recerca\/wp-json\/wp\/v2\/comments?post=9204"}],"version-history":[{"count":1,"href":"https:\/\/mon.uvic.cat\/butlleti-recerca\/wp-json\/wp\/v2\/posts\/9204\/revisions"}],"predecessor-version":[{"id":9205,"href":"https:\/\/mon.uvic.cat\/butlleti-recerca\/wp-json\/wp\/v2\/posts\/9204\/revisions\/9205"}],"wp:attachment":[{"href":"https:\/\/mon.uvic.cat\/butlleti-recerca\/wp-json\/wp\/v2\/media?parent=9204"}],"wp:term":[{"taxonomy":"category","embeddable":true,"href":"https:\/\/mon.uvic.cat\/butlleti-recerca\/wp-json\/wp\/v2\/categories?post=9204"},{"taxonomy":"post_tag","embeddable":true,"href":"https:\/\/mon.uvic.cat\/butlleti-recerca\/wp-json\/wp\/v2\/tags?post=9204"}],"curies":[{"name":"wp","href":"https:\/\/api.w.org\/{rel}","templated":true}]}}