{"id":8691,"date":"2021-10-25T15:31:42","date_gmt":"2021-10-25T13:31:42","guid":{"rendered":"https:\/\/mon.uvic.cat\/butlleti-recerca\/?p=8691"},"modified":"2021-10-25T15:31:42","modified_gmt":"2021-10-25T13:31:42","slug":"sars-cov-2-infection-modulates-ace2-function-and-subsequent-inflammatory-responses-in-swabs-and-plasma-of-covid-19-patients","status":"publish","type":"post","link":"https:\/\/mon.uvic.cat\/butlleti-recerca\/2021\/10\/25\/sars-cov-2-infection-modulates-ace2-function-and-subsequent-inflammatory-responses-in-swabs-and-plasma-of-covid-19-patients\/","title":{"rendered":"SARS-CoV-2 infection modulates ACE2 function and subsequent inflammatory responses in swabs and plasma of COVID-19 patients"},"content":{"rendered":"<ul>\n<li>Guti\u00e9rrez-Chamorro, L., Riveira-Mu\u00f1oz, E., Barrios, C., Palau, V., Nevot, M., Pedre\u00f1o-L\u00f3pez, S., Clotet, B., Mij\u00e0, O., . . . Ballana, E. (2021). SARS-CoV-2 infection modulates ACE2 function and subsequent inflammatory responses in swabs and plasma of COVID-19 patients. <em>Viruses<\/em>, 13(9). <a href=\"https:\/\/doi.org\/10.3390\/v13091715\" target=\"_blank\" rel=\"noopener\">https:\/\/doi.org\/10.3390\/v13091715\u00a0<\/a><\/li>\n<\/ul>\n","protected":false},"excerpt":{"rendered":"<p>Guti\u00e9rrez-Chamorro, L., Riveira-Mu\u00f1oz, E., Barrios, C., Palau, V., Nevot, M., Pedre\u00f1o-L\u00f3pez, S., Clotet, B., Mij\u00e0, O., . . . Ballana, &hellip; <a href=\"https:\/\/mon.uvic.cat\/butlleti-recerca\/2021\/10\/25\/sars-cov-2-infection-modulates-ace2-function-and-subsequent-inflammatory-responses-in-swabs-and-plasma-of-covid-19-patients\/\">Read More<\/a><\/p>\n","protected":false},"author":430,"featured_media":0,"comment_status":"open","ping_status":"open","sticky":false,"template":"","format":"standard","meta":{"_price":"","_stock":"","_tribe_ticket_header":"","_tribe_default_ticket_provider":"","_tribe_ticket_capacity":"0","_ticket_start_date":"","_ticket_end_date":"","_tribe_ticket_show_description":"","_tribe_ticket_show_not_going":false,"_tribe_ticket_use_global_stock":"","_tribe_ticket_global_stock_level":"","_global_stock_mode":"","_global_stock_cap":"","_tribe_rsvp_for_event":"","_tribe_ticket_going_count":"","_tribe_ticket_not_going_count":"","_tribe_tickets_list":"[]","_tribe_ticket_has_attendee_info_fields":false,"jetpack_post_was_ever_published":false,"_jetpack_newsletter_access":"","_jetpack_dont_email_post_to_subs":false,"_jetpack_newsletter_tier_id":0,"_jetpack_memberships_contains_paywalled_content":false,"_jetpack_memberships_contains_paid_content":false,"footnotes":"","jetpack_publicize_message":"","jetpack_publicize_feature_enabled":true,"jetpack_social_post_already_shared":true,"jetpack_social_options":{"image_generator_settings":{"template":"highway","default_image_id":0,"font":"","enabled":false},"version":2}},"categories":[4],"tags":[],"class_list":["post-8691","post","type-post","status-publish","format-standard","hentry","category-publicacions"],"jetpack_publicize_connections":[],"jetpack_featured_media_url":"","jetpack_sharing_enabled":true,"jetpack_shortlink":"https:\/\/wp.me\/paCdMn-2gb","publishpress_future_action":{"enabled":false,"date":"2026-05-05 14:29:42","action":"change-status","newStatus":"trash","terms":[],"taxonomy":"category","extraData":[]},"publishpress_future_workflow_manual_trigger":{"enabledWorkflows":[]},"_links":{"self":[{"href":"https:\/\/mon.uvic.cat\/butlleti-recerca\/wp-json\/wp\/v2\/posts\/8691","targetHints":{"allow":["GET"]}}],"collection":[{"href":"https:\/\/mon.uvic.cat\/butlleti-recerca\/wp-json\/wp\/v2\/posts"}],"about":[{"href":"https:\/\/mon.uvic.cat\/butlleti-recerca\/wp-json\/wp\/v2\/types\/post"}],"author":[{"embeddable":true,"href":"https:\/\/mon.uvic.cat\/butlleti-recerca\/wp-json\/wp\/v2\/users\/430"}],"replies":[{"embeddable":true,"href":"https:\/\/mon.uvic.cat\/butlleti-recerca\/wp-json\/wp\/v2\/comments?post=8691"}],"version-history":[{"count":3,"href":"https:\/\/mon.uvic.cat\/butlleti-recerca\/wp-json\/wp\/v2\/posts\/8691\/revisions"}],"predecessor-version":[{"id":8797,"href":"https:\/\/mon.uvic.cat\/butlleti-recerca\/wp-json\/wp\/v2\/posts\/8691\/revisions\/8797"}],"wp:attachment":[{"href":"https:\/\/mon.uvic.cat\/butlleti-recerca\/wp-json\/wp\/v2\/media?parent=8691"}],"wp:term":[{"taxonomy":"category","embeddable":true,"href":"https:\/\/mon.uvic.cat\/butlleti-recerca\/wp-json\/wp\/v2\/categories?post=8691"},{"taxonomy":"post_tag","embeddable":true,"href":"https:\/\/mon.uvic.cat\/butlleti-recerca\/wp-json\/wp\/v2\/tags?post=8691"}],"curies":[{"name":"wp","href":"https:\/\/api.w.org\/{rel}","templated":true}]}}