{"id":7827,"date":"2021-06-21T16:51:28","date_gmt":"2021-06-21T14:51:28","guid":{"rendered":"https:\/\/mon.uvic.cat\/butlleti-recerca\/?p=7827"},"modified":"2021-06-21T16:51:28","modified_gmt":"2021-06-21T14:51:28","slug":"la-experiencia-psicologica-de-un-paciente-pediatrico-con-cancer-en-momentos-de-amenaza-vital-estudio-de-caso","status":"publish","type":"post","link":"https:\/\/mon.uvic.cat\/butlleti-recerca\/2021\/06\/21\/la-experiencia-psicologica-de-un-paciente-pediatrico-con-cancer-en-momentos-de-amenaza-vital-estudio-de-caso\/","title":{"rendered":"La experiencia psicol\u00f3gica de un paciente pedi\u00e1trico con c\u00e1ncer en momentos de amenaza vital: Estudio de caso"},"content":{"rendered":"<ul>\n<li>Comas Carbonell, E., P\u00e9rez Campdepadr\u00f3s, M., Busquets Alib\u00e9s, E., Mateo Ortega, D. (2021). La experiencia psicol\u00f3gica de un paciente pedi\u00e1trico con c\u00e1ncer en momentos de amenaza vital: Estudio de caso. <em>Medicina Paliativa<\/em>. <a href=\"https:\/\/doi.org\/10.20986\/medpal.2021.1213\/2020\" target=\"_blank\" rel=\"noopener\">https:\/\/doi.org\/10.20986\/medpal.2021.1213\/2020<\/a> (En premsa)<\/li>\n<\/ul>\n","protected":false},"excerpt":{"rendered":"<p>Comas Carbonell, E., P\u00e9rez Campdepadr\u00f3s, M., Busquets Alib\u00e9s, E., Mateo Ortega, D. (2021). La experiencia psicol\u00f3gica de un paciente pedi\u00e1trico &hellip; <a href=\"https:\/\/mon.uvic.cat\/butlleti-recerca\/2021\/06\/21\/la-experiencia-psicologica-de-un-paciente-pediatrico-con-cancer-en-momentos-de-amenaza-vital-estudio-de-caso\/\">Read More<\/a><\/p>\n","protected":false},"author":430,"featured_media":0,"comment_status":"open","ping_status":"open","sticky":false,"template":"","format":"standard","meta":{"_price":"","_stock":"","_tribe_ticket_header":"","_tribe_default_ticket_provider":"","_tribe_ticket_capacity":"0","_ticket_start_date":"","_ticket_end_date":"","_tribe_ticket_show_description":"","_tribe_ticket_show_not_going":false,"_tribe_ticket_use_global_stock":"","_tribe_ticket_global_stock_level":"","_global_stock_mode":"","_global_stock_cap":"","_tribe_rsvp_for_event":"","_tribe_ticket_going_count":"","_tribe_ticket_not_going_count":"","_tribe_tickets_list":"[]","_tribe_ticket_has_attendee_info_fields":false,"jetpack_post_was_ever_published":false,"_jetpack_newsletter_access":"","_jetpack_dont_email_post_to_subs":false,"_jetpack_newsletter_tier_id":0,"_jetpack_memberships_contains_paywalled_content":false,"_jetpack_memberships_contains_paid_content":false,"footnotes":"","jetpack_publicize_message":"","jetpack_publicize_feature_enabled":true,"jetpack_social_post_already_shared":true,"jetpack_social_options":{"image_generator_settings":{"template":"highway","default_image_id":0,"font":"","enabled":false},"version":2}},"categories":[4],"tags":[],"class_list":["post-7827","post","type-post","status-publish","format-standard","hentry","category-publicacions"],"jetpack_publicize_connections":[],"jetpack_featured_media_url":"","jetpack_sharing_enabled":true,"jetpack_shortlink":"https:\/\/wp.me\/paCdMn-22f","publishpress_future_action":{"enabled":false,"date":"2026-05-04 17:10:52","action":"change-status","newStatus":"trash","terms":[],"taxonomy":"category","extraData":[]},"publishpress_future_workflow_manual_trigger":{"enabledWorkflows":[]},"_links":{"self":[{"href":"https:\/\/mon.uvic.cat\/butlleti-recerca\/wp-json\/wp\/v2\/posts\/7827","targetHints":{"allow":["GET"]}}],"collection":[{"href":"https:\/\/mon.uvic.cat\/butlleti-recerca\/wp-json\/wp\/v2\/posts"}],"about":[{"href":"https:\/\/mon.uvic.cat\/butlleti-recerca\/wp-json\/wp\/v2\/types\/post"}],"author":[{"embeddable":true,"href":"https:\/\/mon.uvic.cat\/butlleti-recerca\/wp-json\/wp\/v2\/users\/430"}],"replies":[{"embeddable":true,"href":"https:\/\/mon.uvic.cat\/butlleti-recerca\/wp-json\/wp\/v2\/comments?post=7827"}],"version-history":[{"count":2,"href":"https:\/\/mon.uvic.cat\/butlleti-recerca\/wp-json\/wp\/v2\/posts\/7827\/revisions"}],"predecessor-version":[{"id":7839,"href":"https:\/\/mon.uvic.cat\/butlleti-recerca\/wp-json\/wp\/v2\/posts\/7827\/revisions\/7839"}],"wp:attachment":[{"href":"https:\/\/mon.uvic.cat\/butlleti-recerca\/wp-json\/wp\/v2\/media?parent=7827"}],"wp:term":[{"taxonomy":"category","embeddable":true,"href":"https:\/\/mon.uvic.cat\/butlleti-recerca\/wp-json\/wp\/v2\/categories?post=7827"},{"taxonomy":"post_tag","embeddable":true,"href":"https:\/\/mon.uvic.cat\/butlleti-recerca\/wp-json\/wp\/v2\/tags?post=7827"}],"curies":[{"name":"wp","href":"https:\/\/api.w.org\/{rel}","templated":true}]}}