{"id":6690,"date":"2021-02-15T17:20:25","date_gmt":"2021-02-15T15:20:25","guid":{"rendered":"http:\/\/mon.uvic.cat\/butlleti-recerca\/?p=6690"},"modified":"2021-02-15T17:20:25","modified_gmt":"2021-02-15T15:20:25","slug":"a-longitudinal-analysis-reveals-early-activation-and-late-alterations-in-b-cells-during-primary-hiv-infection-in-mozambican-adults","status":"publish","type":"post","link":"https:\/\/mon.uvic.cat\/butlleti-recerca\/2021\/02\/15\/a-longitudinal-analysis-reveals-early-activation-and-late-alterations-in-b-cells-during-primary-hiv-infection-in-mozambican-adults\/","title":{"rendered":"A longitudinal analysis reveals early activation and late alterations in B cells during primary HIV infection in mozambican adults"},"content":{"rendered":"<ul>\n<li>Jim\u00e9nez, M., Pastor, L., Urrea, V., Rodr\u00edguez de la Concepci\u00f3n, M. L., Parker, E., Fuente-Soro, L., . . . Blanco, J. (2021). A longitudinal analysis reveals early activation and late alterations in B cells during primary HIV infection in mozambican adults. <em>Frontiers in Immunology, 11<\/em>. <a href=\"https:\/\/doi.org\/10.3389\/fimmu.2020.614319\" target=\"_blank\" rel=\"noopener\">https:\/\/doi.org\/10.3389\/fimmu.2020.614319<\/a><\/li>\n<\/ul>\n","protected":false},"excerpt":{"rendered":"<p>Jim\u00e9nez, M., Pastor, L., Urrea, V., Rodr\u00edguez de la Concepci\u00f3n, M. L., Parker, E., Fuente-Soro, L., . . . Blanco, &hellip; <a href=\"https:\/\/mon.uvic.cat\/butlleti-recerca\/2021\/02\/15\/a-longitudinal-analysis-reveals-early-activation-and-late-alterations-in-b-cells-during-primary-hiv-infection-in-mozambican-adults\/\">Read More<\/a><\/p>\n","protected":false},"author":430,"featured_media":0,"comment_status":"open","ping_status":"open","sticky":false,"template":"","format":"standard","meta":{"_price":"","_stock":"","_tribe_ticket_header":"","_tribe_default_ticket_provider":"","_tribe_ticket_capacity":"0","_ticket_start_date":"","_ticket_end_date":"","_tribe_ticket_show_description":"","_tribe_ticket_show_not_going":false,"_tribe_ticket_use_global_stock":"","_tribe_ticket_global_stock_level":"","_global_stock_mode":"","_global_stock_cap":"","_tribe_rsvp_for_event":"","_tribe_ticket_going_count":"","_tribe_ticket_not_going_count":"","_tribe_tickets_list":"[]","_tribe_ticket_has_attendee_info_fields":false,"jetpack_post_was_ever_published":false,"_jetpack_newsletter_access":"","_jetpack_dont_email_post_to_subs":false,"_jetpack_newsletter_tier_id":0,"_jetpack_memberships_contains_paywalled_content":false,"_jetpack_memberships_contains_paid_content":false,"footnotes":"","jetpack_publicize_message":"","jetpack_publicize_feature_enabled":true,"jetpack_social_post_already_shared":true,"jetpack_social_options":{"image_generator_settings":{"template":"highway","default_image_id":0,"font":"","enabled":false},"version":2}},"categories":[4],"tags":[],"class_list":["post-6690","post","type-post","status-publish","format-standard","hentry","category-publicacions"],"jetpack_publicize_connections":[],"jetpack_featured_media_url":"","jetpack_sharing_enabled":true,"jetpack_shortlink":"https:\/\/wp.me\/paCdMn-1JU","publishpress_future_action":{"enabled":false,"date":"2026-05-05 11:25:31","action":"change-status","newStatus":"trash","terms":[],"taxonomy":"category","extraData":[]},"publishpress_future_workflow_manual_trigger":{"enabledWorkflows":[]},"_links":{"self":[{"href":"https:\/\/mon.uvic.cat\/butlleti-recerca\/wp-json\/wp\/v2\/posts\/6690","targetHints":{"allow":["GET"]}}],"collection":[{"href":"https:\/\/mon.uvic.cat\/butlleti-recerca\/wp-json\/wp\/v2\/posts"}],"about":[{"href":"https:\/\/mon.uvic.cat\/butlleti-recerca\/wp-json\/wp\/v2\/types\/post"}],"author":[{"embeddable":true,"href":"https:\/\/mon.uvic.cat\/butlleti-recerca\/wp-json\/wp\/v2\/users\/430"}],"replies":[{"embeddable":true,"href":"https:\/\/mon.uvic.cat\/butlleti-recerca\/wp-json\/wp\/v2\/comments?post=6690"}],"version-history":[{"count":2,"href":"https:\/\/mon.uvic.cat\/butlleti-recerca\/wp-json\/wp\/v2\/posts\/6690\/revisions"}],"predecessor-version":[{"id":6692,"href":"https:\/\/mon.uvic.cat\/butlleti-recerca\/wp-json\/wp\/v2\/posts\/6690\/revisions\/6692"}],"wp:attachment":[{"href":"https:\/\/mon.uvic.cat\/butlleti-recerca\/wp-json\/wp\/v2\/media?parent=6690"}],"wp:term":[{"taxonomy":"category","embeddable":true,"href":"https:\/\/mon.uvic.cat\/butlleti-recerca\/wp-json\/wp\/v2\/categories?post=6690"},{"taxonomy":"post_tag","embeddable":true,"href":"https:\/\/mon.uvic.cat\/butlleti-recerca\/wp-json\/wp\/v2\/tags?post=6690"}],"curies":[{"name":"wp","href":"https:\/\/api.w.org\/{rel}","templated":true}]}}