{"id":6486,"date":"2021-02-01T17:16:34","date_gmt":"2021-02-01T15:16:34","guid":{"rendered":"http:\/\/mon.uvic.cat\/butlleti-recerca\/?p=6486"},"modified":"2021-02-01T18:46:55","modified_gmt":"2021-02-01T16:46:55","slug":"galceran-m-casas-m-2020-lavaluacio-formativa-en-lensenyament-aprenentatge-de-lescriptura-a-leducacio-primaria","status":"publish","type":"post","link":"https:\/\/mon.uvic.cat\/butlleti-recerca\/2021\/02\/01\/galceran-m-casas-m-2020-lavaluacio-formativa-en-lensenyament-aprenentatge-de-lescriptura-a-leducacio-primaria\/","title":{"rendered":"L&#8217;avaluaci\u00f3 formativa en l&#8217;ensenyament-aprenentatge de l&#8217;escriptura a l&#8217;educaci\u00f3 prim\u00e0ria"},"content":{"rendered":"<ul>\n<li>Galceran, M., Casas M. (2020). L&#8217;avaluaci\u00f3 formativa en l&#8217;ensenyament-aprenentatge de l&#8217;escriptura a l&#8217;educaci\u00f3 prim\u00e0ria. <em>Temps d&#8217;Educaci\u00f3, 59( ), 127-147<\/em>. <a href=\"https:\/\/www.raco.cat\/index.php\/TempsEducacio\/article\/view\/379451\" target=\"_blank\" rel=\"noopener\">https:\/\/www.raco.cat\/index.php\/TempsEducacio\/article\/view\/379451<\/a><\/li>\n<\/ul>\n","protected":false},"excerpt":{"rendered":"<p>Galceran, M., Casas M. (2020). L&#8217;avaluaci\u00f3 formativa en l&#8217;ensenyament-aprenentatge de l&#8217;escriptura a l&#8217;educaci\u00f3 prim\u00e0ria. Temps d&#8217;Educaci\u00f3, 59( ), 127-147. https:\/\/www.raco.cat\/index.php\/TempsEducacio\/article\/view\/379451<\/p>\n","protected":false},"author":430,"featured_media":0,"comment_status":"open","ping_status":"open","sticky":false,"template":"","format":"standard","meta":{"_price":"","_stock":"","_tribe_ticket_header":"","_tribe_default_ticket_provider":"","_tribe_ticket_capacity":"0","_ticket_start_date":"","_ticket_end_date":"","_tribe_ticket_show_description":"","_tribe_ticket_show_not_going":false,"_tribe_ticket_use_global_stock":"","_tribe_ticket_global_stock_level":"","_global_stock_mode":"","_global_stock_cap":"","_tribe_rsvp_for_event":"","_tribe_ticket_going_count":"","_tribe_ticket_not_going_count":"","_tribe_tickets_list":"[]","_tribe_ticket_has_attendee_info_fields":false,"jetpack_post_was_ever_published":false,"_jetpack_newsletter_access":"","_jetpack_dont_email_post_to_subs":false,"_jetpack_newsletter_tier_id":0,"_jetpack_memberships_contains_paywalled_content":false,"_jetpack_memberships_contains_paid_content":false,"footnotes":"","jetpack_publicize_message":"","jetpack_publicize_feature_enabled":true,"jetpack_social_post_already_shared":true,"jetpack_social_options":{"image_generator_settings":{"template":"highway","default_image_id":0,"font":"","enabled":false},"version":2}},"categories":[4],"tags":[],"class_list":["post-6486","post","type-post","status-publish","format-standard","hentry","category-publicacions"],"jetpack_publicize_connections":[],"jetpack_featured_media_url":"","jetpack_sharing_enabled":true,"jetpack_shortlink":"https:\/\/wp.me\/paCdMn-1GC","publishpress_future_action":{"enabled":false,"date":"2026-05-05 11:23:49","action":"change-status","newStatus":"trash","terms":[],"taxonomy":"category","extraData":[]},"publishpress_future_workflow_manual_trigger":{"enabledWorkflows":[]},"_links":{"self":[{"href":"https:\/\/mon.uvic.cat\/butlleti-recerca\/wp-json\/wp\/v2\/posts\/6486","targetHints":{"allow":["GET"]}}],"collection":[{"href":"https:\/\/mon.uvic.cat\/butlleti-recerca\/wp-json\/wp\/v2\/posts"}],"about":[{"href":"https:\/\/mon.uvic.cat\/butlleti-recerca\/wp-json\/wp\/v2\/types\/post"}],"author":[{"embeddable":true,"href":"https:\/\/mon.uvic.cat\/butlleti-recerca\/wp-json\/wp\/v2\/users\/430"}],"replies":[{"embeddable":true,"href":"https:\/\/mon.uvic.cat\/butlleti-recerca\/wp-json\/wp\/v2\/comments?post=6486"}],"version-history":[{"count":3,"href":"https:\/\/mon.uvic.cat\/butlleti-recerca\/wp-json\/wp\/v2\/posts\/6486\/revisions"}],"predecessor-version":[{"id":6490,"href":"https:\/\/mon.uvic.cat\/butlleti-recerca\/wp-json\/wp\/v2\/posts\/6486\/revisions\/6490"}],"wp:attachment":[{"href":"https:\/\/mon.uvic.cat\/butlleti-recerca\/wp-json\/wp\/v2\/media?parent=6486"}],"wp:term":[{"taxonomy":"category","embeddable":true,"href":"https:\/\/mon.uvic.cat\/butlleti-recerca\/wp-json\/wp\/v2\/categories?post=6486"},{"taxonomy":"post_tag","embeddable":true,"href":"https:\/\/mon.uvic.cat\/butlleti-recerca\/wp-json\/wp\/v2\/tags?post=6486"}],"curies":[{"name":"wp","href":"https:\/\/api.w.org\/{rel}","templated":true}]}}