{"id":6378,"date":"2021-01-18T16:44:05","date_gmt":"2021-01-18T14:44:05","guid":{"rendered":"http:\/\/mon.uvic.cat\/butlleti-recerca\/?p=6378"},"modified":"2021-01-18T16:44:05","modified_gmt":"2021-01-18T14:44:05","slug":"the-copy-in-the-management-of-artistic-heritage-the-vail-de-boi-a-paradise-for-copies-la-copia-en-la-gestion-del-patrimonio-artistico-el-valle-de-boi-paraiso-de-las-copias","status":"publish","type":"post","link":"https:\/\/mon.uvic.cat\/butlleti-recerca\/2021\/01\/18\/the-copy-in-the-management-of-artistic-heritage-the-vail-de-boi-a-paradise-for-copies-la-copia-en-la-gestion-del-patrimonio-artistico-el-valle-de-boi-paraiso-de-las-copias\/","title":{"rendered":"The copy in the management of artistic heritage. the vail de bo\u00ed, a paradise for copies. [La copia en la gesti\u00f3n del patrimonio art\u00edstico. El valle de Bo\u00ed, para\u00edso de las copias]"},"content":{"rendered":"<ul>\n<li>Mateos-Rusillo, S. M. (2020). The copy in the management of artistic heritage. the vail de bo\u00ed, a paradise for copies. [La copia en la gesti\u00f3n del patrimonio art\u00edstico. El valle de Bo\u00ed, para\u00edso de las copias]. <em>Goya, 2020-December(373), 263-273<\/em>. <a href=\"https:\/\/dialnet.unirioja.es\/servlet\/articulo?codigo=7673202\" target=\"_blank\" rel=\"noopener\">https:\/\/dialnet.unirioja.es\/servlet\/articulo?codigo=7673202<\/a><\/li>\n<\/ul>\n","protected":false},"excerpt":{"rendered":"<p>Mateos-Rusillo, S. M. (2020). The copy in the management of artistic heritage. the vail de bo\u00ed, a paradise for copies. &hellip; <a href=\"https:\/\/mon.uvic.cat\/butlleti-recerca\/2021\/01\/18\/the-copy-in-the-management-of-artistic-heritage-the-vail-de-boi-a-paradise-for-copies-la-copia-en-la-gestion-del-patrimonio-artistico-el-valle-de-boi-paraiso-de-las-copias\/\">Read More<\/a><\/p>\n","protected":false},"author":430,"featured_media":0,"comment_status":"open","ping_status":"open","sticky":false,"template":"","format":"standard","meta":{"_price":"","_stock":"","_tribe_ticket_header":"","_tribe_default_ticket_provider":"","_tribe_ticket_capacity":"0","_ticket_start_date":"","_ticket_end_date":"","_tribe_ticket_show_description":"","_tribe_ticket_show_not_going":false,"_tribe_ticket_use_global_stock":"","_tribe_ticket_global_stock_level":"","_global_stock_mode":"","_global_stock_cap":"","_tribe_rsvp_for_event":"","_tribe_ticket_going_count":"","_tribe_ticket_not_going_count":"","_tribe_tickets_list":"[]","_tribe_ticket_has_attendee_info_fields":false,"jetpack_post_was_ever_published":false,"_jetpack_newsletter_access":"","_jetpack_dont_email_post_to_subs":false,"_jetpack_newsletter_tier_id":0,"_jetpack_memberships_contains_paywalled_content":false,"_jetpack_memberships_contains_paid_content":false,"footnotes":"","jetpack_publicize_message":"","jetpack_publicize_feature_enabled":true,"jetpack_social_post_already_shared":true,"jetpack_social_options":{"image_generator_settings":{"template":"highway","default_image_id":0,"font":"","enabled":false},"version":2}},"categories":[4],"tags":[],"class_list":["post-6378","post","type-post","status-publish","format-standard","hentry","category-publicacions"],"jetpack_publicize_connections":[],"jetpack_featured_media_url":"","jetpack_sharing_enabled":true,"jetpack_shortlink":"https:\/\/wp.me\/paCdMn-1ES","publishpress_future_action":{"enabled":false,"date":"2026-05-04 17:10:20","action":"change-status","newStatus":"trash","terms":[],"taxonomy":"category","extraData":[]},"publishpress_future_workflow_manual_trigger":{"enabledWorkflows":[]},"_links":{"self":[{"href":"https:\/\/mon.uvic.cat\/butlleti-recerca\/wp-json\/wp\/v2\/posts\/6378","targetHints":{"allow":["GET"]}}],"collection":[{"href":"https:\/\/mon.uvic.cat\/butlleti-recerca\/wp-json\/wp\/v2\/posts"}],"about":[{"href":"https:\/\/mon.uvic.cat\/butlleti-recerca\/wp-json\/wp\/v2\/types\/post"}],"author":[{"embeddable":true,"href":"https:\/\/mon.uvic.cat\/butlleti-recerca\/wp-json\/wp\/v2\/users\/430"}],"replies":[{"embeddable":true,"href":"https:\/\/mon.uvic.cat\/butlleti-recerca\/wp-json\/wp\/v2\/comments?post=6378"}],"version-history":[{"count":2,"href":"https:\/\/mon.uvic.cat\/butlleti-recerca\/wp-json\/wp\/v2\/posts\/6378\/revisions"}],"predecessor-version":[{"id":6380,"href":"https:\/\/mon.uvic.cat\/butlleti-recerca\/wp-json\/wp\/v2\/posts\/6378\/revisions\/6380"}],"wp:attachment":[{"href":"https:\/\/mon.uvic.cat\/butlleti-recerca\/wp-json\/wp\/v2\/media?parent=6378"}],"wp:term":[{"taxonomy":"category","embeddable":true,"href":"https:\/\/mon.uvic.cat\/butlleti-recerca\/wp-json\/wp\/v2\/categories?post=6378"},{"taxonomy":"post_tag","embeddable":true,"href":"https:\/\/mon.uvic.cat\/butlleti-recerca\/wp-json\/wp\/v2\/tags?post=6378"}],"curies":[{"name":"wp","href":"https:\/\/api.w.org\/{rel}","templated":true}]}}