{"id":5908,"date":"2020-11-23T17:49:18","date_gmt":"2020-11-23T15:49:18","guid":{"rendered":"http:\/\/mon.uvic.cat\/butlleti-recerca\/?p=5908"},"modified":"2020-11-23T17:49:18","modified_gmt":"2020-11-23T15:49:18","slug":"inhibition-of-%ce%b1-synuclein-aggregation-and-mature-fibril-disassembling-with-a-minimalistic-compound-zpdm","status":"publish","type":"post","link":"https:\/\/mon.uvic.cat\/butlleti-recerca\/2020\/11\/23\/inhibition-of-%ce%b1-synuclein-aggregation-and-mature-fibril-disassembling-with-a-minimalistic-compound-zpdm\/","title":{"rendered":"Inhibition of \u03b1-synuclein aggregation and mature fibril disassembling with a minimalistic compound, ZPDm"},"content":{"rendered":"<ul>\n<li>Pe\u00f1a-D\u00edaz, S., Pujols, J., Pinheiro, F., Santos, J., Pallar\u00e9s, I., Navarro, S., . . . Ventura, S. (2020). Inhibition of \u03b1-synuclein aggregation and mature fibril disassembling with a minimalistic compound, ZPDm. <em>Frontiers in Bioengineering and Biotechnology, 8<\/em>. <a href=\"https:\/\/doi.org\/10.3389\/fbioe.2020.588947\" target=\"_blank\" rel=\"noopener noreferrer\">https:\/\/doi.org\/10.3389\/fbioe.2020.588947<\/a><\/li>\n<\/ul>\n","protected":false},"excerpt":{"rendered":"<p>Pe\u00f1a-D\u00edaz, S., Pujols, J., Pinheiro, F., Santos, J., Pallar\u00e9s, I., Navarro, S., . . . Ventura, S. (2020). Inhibition of &hellip; <a href=\"https:\/\/mon.uvic.cat\/butlleti-recerca\/2020\/11\/23\/inhibition-of-%ce%b1-synuclein-aggregation-and-mature-fibril-disassembling-with-a-minimalistic-compound-zpdm\/\">Read More<\/a><\/p>\n","protected":false},"author":430,"featured_media":0,"comment_status":"open","ping_status":"open","sticky":false,"template":"","format":"standard","meta":{"_price":"","_stock":"","_tribe_ticket_header":"","_tribe_default_ticket_provider":"","_tribe_ticket_capacity":"0","_ticket_start_date":"","_ticket_end_date":"","_tribe_ticket_show_description":"","_tribe_ticket_show_not_going":false,"_tribe_ticket_use_global_stock":"","_tribe_ticket_global_stock_level":"","_global_stock_mode":"","_global_stock_cap":"","_tribe_rsvp_for_event":"","_tribe_ticket_going_count":"","_tribe_ticket_not_going_count":"","_tribe_tickets_list":"[]","_tribe_ticket_has_attendee_info_fields":false,"jetpack_post_was_ever_published":false,"_jetpack_newsletter_access":"","_jetpack_dont_email_post_to_subs":false,"_jetpack_newsletter_tier_id":0,"_jetpack_memberships_contains_paywalled_content":false,"_jetpack_memberships_contains_paid_content":false,"footnotes":"","jetpack_publicize_message":"","jetpack_publicize_feature_enabled":true,"jetpack_social_post_already_shared":true,"jetpack_social_options":{"image_generator_settings":{"template":"highway","default_image_id":0,"font":"","enabled":false},"version":2}},"categories":[4],"tags":[],"class_list":["post-5908","post","type-post","status-publish","format-standard","hentry","category-publicacions"],"jetpack_publicize_connections":[],"jetpack_featured_media_url":"","jetpack_sharing_enabled":true,"jetpack_shortlink":"https:\/\/wp.me\/paCdMn-1xi","publishpress_future_action":{"enabled":false,"date":"2026-05-04 16:53:55","action":"change-status","newStatus":"trash","terms":[],"taxonomy":"category","extraData":[]},"publishpress_future_workflow_manual_trigger":{"enabledWorkflows":[]},"_links":{"self":[{"href":"https:\/\/mon.uvic.cat\/butlleti-recerca\/wp-json\/wp\/v2\/posts\/5908","targetHints":{"allow":["GET"]}}],"collection":[{"href":"https:\/\/mon.uvic.cat\/butlleti-recerca\/wp-json\/wp\/v2\/posts"}],"about":[{"href":"https:\/\/mon.uvic.cat\/butlleti-recerca\/wp-json\/wp\/v2\/types\/post"}],"author":[{"embeddable":true,"href":"https:\/\/mon.uvic.cat\/butlleti-recerca\/wp-json\/wp\/v2\/users\/430"}],"replies":[{"embeddable":true,"href":"https:\/\/mon.uvic.cat\/butlleti-recerca\/wp-json\/wp\/v2\/comments?post=5908"}],"version-history":[{"count":2,"href":"https:\/\/mon.uvic.cat\/butlleti-recerca\/wp-json\/wp\/v2\/posts\/5908\/revisions"}],"predecessor-version":[{"id":5910,"href":"https:\/\/mon.uvic.cat\/butlleti-recerca\/wp-json\/wp\/v2\/posts\/5908\/revisions\/5910"}],"wp:attachment":[{"href":"https:\/\/mon.uvic.cat\/butlleti-recerca\/wp-json\/wp\/v2\/media?parent=5908"}],"wp:term":[{"taxonomy":"category","embeddable":true,"href":"https:\/\/mon.uvic.cat\/butlleti-recerca\/wp-json\/wp\/v2\/categories?post=5908"},{"taxonomy":"post_tag","embeddable":true,"href":"https:\/\/mon.uvic.cat\/butlleti-recerca\/wp-json\/wp\/v2\/tags?post=5908"}],"curies":[{"name":"wp","href":"https:\/\/api.w.org\/{rel}","templated":true}]}}