{"id":5329,"date":"2020-10-05T20:18:32","date_gmt":"2020-10-05T18:18:32","guid":{"rendered":"http:\/\/mon.uvic.cat\/butlleti-recerca\/?p=5329"},"modified":"2020-10-05T20:18:32","modified_gmt":"2020-10-05T18:18:32","slug":"epidemiology-of-heart-failure-with-preserved-ejection-fraction-results-from-the-rica-registry-epidemiologia-de-la-insuficiencia-cardiaca-con-fraccion-de-eyeccion-preservada-resultados-del-registro","status":"publish","type":"post","link":"https:\/\/mon.uvic.cat\/butlleti-recerca\/2020\/10\/05\/epidemiology-of-heart-failure-with-preserved-ejection-fraction-results-from-the-rica-registry-epidemiologia-de-la-insuficiencia-cardiaca-con-fraccion-de-eyeccion-preservada-resultados-del-registro\/","title":{"rendered":"Epidemiology of heart failure with preserved ejection fraction: Results from the RICA Registry | Epidemiolog\u00eda de la insuficiencia cardiaca con fracci\u00f3n de eyecci\u00f3n preservada: resultados del Registro RICA"},"content":{"rendered":"<ul>\n<li>Trull\u00e0s, J. C., P\u00e9rez-Calvo, J. I., Conde-Martel, A., Ll\u00e0cer Iborra, P., Su\u00e1rez Pedreira, I., Ormaechea, G., \u2026 Montero-P\u00e9rez-Barquero, M. (2020). Epidemiology of heart failure with preserved ejection fraction: Results from the RICA Registry | Epidemiolog\u00eda de la insuficiencia cardiaca con fracci\u00f3n de eyecci\u00f3n preservada: resultados del Registro RICA. <em>Medicina Clinica<\/em>. <a href=\"https:\/\/doi.org\/10.1016\/j.medcli.2020.05.059\" target=\"_blank\" rel=\"noopener noreferrer\">https:\/\/doi.org\/10.1016\/j.medcli.2020.05.059<\/a> (Article en premsa)<\/li>\n<\/ul>\n","protected":false},"excerpt":{"rendered":"<p>Trull\u00e0s, J. C., P\u00e9rez-Calvo, J. I., Conde-Martel, A., Ll\u00e0cer Iborra, P., Su\u00e1rez Pedreira, I., Ormaechea, G., \u2026 Montero-P\u00e9rez-Barquero, M. (2020). &hellip; <a href=\"https:\/\/mon.uvic.cat\/butlleti-recerca\/2020\/10\/05\/epidemiology-of-heart-failure-with-preserved-ejection-fraction-results-from-the-rica-registry-epidemiologia-de-la-insuficiencia-cardiaca-con-fraccion-de-eyeccion-preservada-resultados-del-registro\/\">Read More<\/a><\/p>\n","protected":false},"author":430,"featured_media":0,"comment_status":"open","ping_status":"open","sticky":false,"template":"","format":"standard","meta":{"_price":"","_stock":"","_tribe_ticket_header":"","_tribe_default_ticket_provider":"","_tribe_ticket_capacity":"0","_ticket_start_date":"","_ticket_end_date":"","_tribe_ticket_show_description":"","_tribe_ticket_show_not_going":false,"_tribe_ticket_use_global_stock":"","_tribe_ticket_global_stock_level":"","_global_stock_mode":"","_global_stock_cap":"","_tribe_rsvp_for_event":"","_tribe_ticket_going_count":"","_tribe_ticket_not_going_count":"","_tribe_tickets_list":"[]","_tribe_ticket_has_attendee_info_fields":false,"jetpack_post_was_ever_published":false,"_jetpack_newsletter_access":"","_jetpack_dont_email_post_to_subs":false,"_jetpack_newsletter_tier_id":0,"_jetpack_memberships_contains_paywalled_content":false,"_jetpack_memberships_contains_paid_content":false,"footnotes":"","jetpack_publicize_message":"","jetpack_publicize_feature_enabled":true,"jetpack_social_post_already_shared":true,"jetpack_social_options":{"image_generator_settings":{"template":"highway","default_image_id":0,"font":"","enabled":false},"version":2}},"categories":[4],"tags":[],"class_list":["post-5329","post","type-post","status-publish","format-standard","hentry","category-publicacions"],"jetpack_publicize_connections":[],"jetpack_featured_media_url":"","jetpack_sharing_enabled":true,"jetpack_shortlink":"https:\/\/wp.me\/paCdMn-1nX","publishpress_future_action":{"enabled":false,"date":"2026-05-04 18:21:07","action":"change-status","newStatus":"trash","terms":[],"taxonomy":"category","extraData":[]},"publishpress_future_workflow_manual_trigger":{"enabledWorkflows":[]},"_links":{"self":[{"href":"https:\/\/mon.uvic.cat\/butlleti-recerca\/wp-json\/wp\/v2\/posts\/5329","targetHints":{"allow":["GET"]}}],"collection":[{"href":"https:\/\/mon.uvic.cat\/butlleti-recerca\/wp-json\/wp\/v2\/posts"}],"about":[{"href":"https:\/\/mon.uvic.cat\/butlleti-recerca\/wp-json\/wp\/v2\/types\/post"}],"author":[{"embeddable":true,"href":"https:\/\/mon.uvic.cat\/butlleti-recerca\/wp-json\/wp\/v2\/users\/430"}],"replies":[{"embeddable":true,"href":"https:\/\/mon.uvic.cat\/butlleti-recerca\/wp-json\/wp\/v2\/comments?post=5329"}],"version-history":[{"count":1,"href":"https:\/\/mon.uvic.cat\/butlleti-recerca\/wp-json\/wp\/v2\/posts\/5329\/revisions"}],"predecessor-version":[{"id":5330,"href":"https:\/\/mon.uvic.cat\/butlleti-recerca\/wp-json\/wp\/v2\/posts\/5329\/revisions\/5330"}],"wp:attachment":[{"href":"https:\/\/mon.uvic.cat\/butlleti-recerca\/wp-json\/wp\/v2\/media?parent=5329"}],"wp:term":[{"taxonomy":"category","embeddable":true,"href":"https:\/\/mon.uvic.cat\/butlleti-recerca\/wp-json\/wp\/v2\/categories?post=5329"},{"taxonomy":"post_tag","embeddable":true,"href":"https:\/\/mon.uvic.cat\/butlleti-recerca\/wp-json\/wp\/v2\/tags?post=5329"}],"curies":[{"name":"wp","href":"https:\/\/api.w.org\/{rel}","templated":true}]}}