{"id":4931,"date":"2020-07-13T12:50:11","date_gmt":"2020-07-13T10:50:11","guid":{"rendered":"http:\/\/mon.uvic.cat\/butlleti-recerca\/?p=4931"},"modified":"2020-08-28T16:37:44","modified_gmt":"2020-08-28T14:37:44","slug":"association-of-circulating-micrornas-with-coronary-artery-disease-and-usefulness-for-reclassification-of-healthy-individuals-the-regicor-study","status":"publish","type":"post","link":"https:\/\/mon.uvic.cat\/butlleti-recerca\/2020\/07\/13\/association-of-circulating-micrornas-with-coronary-artery-disease-and-usefulness-for-reclassification-of-healthy-individuals-the-regicor-study\/","title":{"rendered":"Association of Circulating microRNAs With Coronary Artery Disease and Usefulness for Reclassification of Healthy Individuals: The REGICOR Study"},"content":{"rendered":"<ul>\n<li>Rom\u00e1n D\u00e9gano, I., Camps Vilar\u00f3, A., Subirana, I., Garc\u00eda-Mateo, N., Cidad, P., Mu\u00f1oz-Aguayo, D., Puigdecanet, E., Nonell N. et.al. (2020). <a href=\"http:\/\/dx.doi.org\/10.3390\/jcm9051402\" target=\"_blank\" rel=\"noopener noreferrer\">Association of Circulating microRNAs With Coronary Artery Disease and Usefulness for Reclassification of Healthy Individuals: The REGICOR Study<\/a>. <em>Journal of Clinical Medicine<\/em>, 9(5). doi: 10.3390\/jcm9051402.<\/li>\n<\/ul>\n","protected":false},"excerpt":{"rendered":"<p>Rom\u00e1n D\u00e9gano, I., Camps Vilar\u00f3, A., Subirana, I., Garc\u00eda-Mateo, N., Cidad, P., Mu\u00f1oz-Aguayo, D., Puigdecanet, E., Nonell N. et.al. (2020). &hellip; <a href=\"https:\/\/mon.uvic.cat\/butlleti-recerca\/2020\/07\/13\/association-of-circulating-micrornas-with-coronary-artery-disease-and-usefulness-for-reclassification-of-healthy-individuals-the-regicor-study\/\">Read More<\/a><\/p>\n","protected":false},"author":430,"featured_media":0,"comment_status":"open","ping_status":"open","sticky":false,"template":"","format":"standard","meta":{"_price":"","_stock":"","_tribe_ticket_header":"","_tribe_default_ticket_provider":"","_tribe_ticket_capacity":"0","_ticket_start_date":"","_ticket_end_date":"","_tribe_ticket_show_description":"","_tribe_ticket_show_not_going":false,"_tribe_ticket_use_global_stock":"","_tribe_ticket_global_stock_level":"","_global_stock_mode":"","_global_stock_cap":"","_tribe_rsvp_for_event":"","_tribe_ticket_going_count":"","_tribe_ticket_not_going_count":"","_tribe_tickets_list":"[]","_tribe_ticket_has_attendee_info_fields":false,"jetpack_post_was_ever_published":false,"_jetpack_newsletter_access":"","_jetpack_dont_email_post_to_subs":false,"_jetpack_newsletter_tier_id":0,"_jetpack_memberships_contains_paywalled_content":false,"_jetpack_memberships_contains_paid_content":false,"footnotes":"","jetpack_publicize_message":"","jetpack_publicize_feature_enabled":true,"jetpack_social_post_already_shared":true,"jetpack_social_options":{"image_generator_settings":{"template":"highway","default_image_id":0,"font":"","enabled":false},"version":2}},"categories":[4],"tags":[],"class_list":["post-4931","post","type-post","status-publish","format-standard","hentry","category-publicacions"],"jetpack_publicize_connections":[],"jetpack_featured_media_url":"","jetpack_sharing_enabled":true,"jetpack_shortlink":"https:\/\/wp.me\/paCdMn-1hx","publishpress_future_action":{"enabled":false,"date":"2026-05-04 15:37:02","action":"change-status","newStatus":"trash","terms":[],"taxonomy":"category","extraData":[]},"publishpress_future_workflow_manual_trigger":{"enabledWorkflows":[]},"_links":{"self":[{"href":"https:\/\/mon.uvic.cat\/butlleti-recerca\/wp-json\/wp\/v2\/posts\/4931","targetHints":{"allow":["GET"]}}],"collection":[{"href":"https:\/\/mon.uvic.cat\/butlleti-recerca\/wp-json\/wp\/v2\/posts"}],"about":[{"href":"https:\/\/mon.uvic.cat\/butlleti-recerca\/wp-json\/wp\/v2\/types\/post"}],"author":[{"embeddable":true,"href":"https:\/\/mon.uvic.cat\/butlleti-recerca\/wp-json\/wp\/v2\/users\/430"}],"replies":[{"embeddable":true,"href":"https:\/\/mon.uvic.cat\/butlleti-recerca\/wp-json\/wp\/v2\/comments?post=4931"}],"version-history":[{"count":2,"href":"https:\/\/mon.uvic.cat\/butlleti-recerca\/wp-json\/wp\/v2\/posts\/4931\/revisions"}],"predecessor-version":[{"id":5055,"href":"https:\/\/mon.uvic.cat\/butlleti-recerca\/wp-json\/wp\/v2\/posts\/4931\/revisions\/5055"}],"wp:attachment":[{"href":"https:\/\/mon.uvic.cat\/butlleti-recerca\/wp-json\/wp\/v2\/media?parent=4931"}],"wp:term":[{"taxonomy":"category","embeddable":true,"href":"https:\/\/mon.uvic.cat\/butlleti-recerca\/wp-json\/wp\/v2\/categories?post=4931"},{"taxonomy":"post_tag","embeddable":true,"href":"https:\/\/mon.uvic.cat\/butlleti-recerca\/wp-json\/wp\/v2\/tags?post=4931"}],"curies":[{"name":"wp","href":"https:\/\/api.w.org\/{rel}","templated":true}]}}