{"id":4598,"date":"2020-06-15T09:28:09","date_gmt":"2020-06-15T07:28:09","guid":{"rendered":"http:\/\/mon.uvic.cat\/butlleti-recerca\/?p=4598"},"modified":"2020-06-15T11:04:05","modified_gmt":"2020-06-15T09:04:05","slug":"el-portal-de-la-recerca-de-catalunya-millora-les-seves-funcionalitats","status":"publish","type":"post","link":"https:\/\/mon.uvic.cat\/butlleti-recerca\/2020\/06\/15\/el-portal-de-la-recerca-de-catalunya-millora-les-seves-funcionalitats\/","title":{"rendered":"El Portal de la Recerca de Catalunya millora les seves funcionalitats"},"content":{"rendered":"<p>Darrerament s\u2019han implementat diverses millores al Portal de la Recerca de Catalunya (<a href=\"https:\/\/portalrecerca.csuc.cat\/?locale=ca\">PRC<\/a>).<\/p>\n<p>Aix\u00ed, s\u2019ha actualitzat l\u2019indicador de publicacions en acc\u00e9s obert entre el 2012 i el 2019, que ara \u00e9s del 23,67%. Tot i que nom\u00e9s ha pujat 1,67 punts percentuals respecte a la darrera actualitzaci\u00f3 de l\u2019indicador (setembre 2019), cal destacar que s\u2019han incrementat en 4.212 els documents disponibles en acc\u00e9s obert.<\/p>\n<a href=\"http:\/\/blog.csuc.cat\/?p=19812\" id=\"kadbtn65\" target=\"_blank\" class=\"kad-btn btn-shortcode kad-btn-primary    \" style=\" border: 0 solid; border-color:#000;  color:#ffffff;\" onMouseOver=\"this.style.color=&#039;#ffffff&#039;\" onMouseOut=\"this.style.color=&#039;#ffffff&#039;\">M\u00e9s informaci\u00f3 <\/a>\n","protected":false},"excerpt":{"rendered":"<p>Darrerament s\u2019han implementat diverses millores al Portal de la Recerca de Catalunya (PRC). Aix\u00ed, s\u2019ha actualitzat l\u2019indicador de publicacions en &hellip; <a href=\"https:\/\/mon.uvic.cat\/butlleti-recerca\/2020\/06\/15\/el-portal-de-la-recerca-de-catalunya-millora-les-seves-funcionalitats\/\">Read More<\/a><\/p>\n","protected":false},"author":430,"featured_media":4622,"comment_status":"open","ping_status":"open","sticky":false,"template":"","format":"standard","meta":{"_price":"","_stock":"","_tribe_ticket_header":"","_tribe_default_ticket_provider":"","_tribe_ticket_capacity":"0","_ticket_start_date":"","_ticket_end_date":"","_tribe_ticket_show_description":"","_tribe_ticket_show_not_going":false,"_tribe_ticket_use_global_stock":"","_tribe_ticket_global_stock_level":"","_global_stock_mode":"","_global_stock_cap":"","_tribe_rsvp_for_event":"","_tribe_ticket_going_count":"","_tribe_ticket_not_going_count":"","_tribe_tickets_list":"[]","_tribe_ticket_has_attendee_info_fields":false,"jetpack_post_was_ever_published":false,"_jetpack_newsletter_access":"","_jetpack_dont_email_post_to_subs":false,"_jetpack_newsletter_tier_id":0,"_jetpack_memberships_contains_paywalled_content":false,"_jetpack_memberships_contains_paid_content":false,"footnotes":"","jetpack_publicize_message":"","jetpack_publicize_feature_enabled":true,"jetpack_social_post_already_shared":true,"jetpack_social_options":{"image_generator_settings":{"template":"highway","default_image_id":0,"font":"","enabled":false},"version":2}},"categories":[35],"tags":[],"class_list":["post-4598","post","type-post","status-publish","format-standard","has-post-thumbnail","hentry","category-noticies"],"jetpack_publicize_connections":[],"jetpack_featured_media_url":"https:\/\/mon.uvic.cat\/butlleti-recerca\/files\/2020\/06\/Noves-funcionalitats-PRC.png","jetpack_sharing_enabled":true,"jetpack_shortlink":"https:\/\/wp.me\/paCdMn-1ca","publishpress_future_action":{"enabled":false,"date":"2026-05-04 18:21:07","action":"change-status","newStatus":"trash","terms":[],"taxonomy":"category","extraData":[]},"publishpress_future_workflow_manual_trigger":{"enabledWorkflows":[]},"_links":{"self":[{"href":"https:\/\/mon.uvic.cat\/butlleti-recerca\/wp-json\/wp\/v2\/posts\/4598","targetHints":{"allow":["GET"]}}],"collection":[{"href":"https:\/\/mon.uvic.cat\/butlleti-recerca\/wp-json\/wp\/v2\/posts"}],"about":[{"href":"https:\/\/mon.uvic.cat\/butlleti-recerca\/wp-json\/wp\/v2\/types\/post"}],"author":[{"embeddable":true,"href":"https:\/\/mon.uvic.cat\/butlleti-recerca\/wp-json\/wp\/v2\/users\/430"}],"replies":[{"embeddable":true,"href":"https:\/\/mon.uvic.cat\/butlleti-recerca\/wp-json\/wp\/v2\/comments?post=4598"}],"version-history":[{"count":4,"href":"https:\/\/mon.uvic.cat\/butlleti-recerca\/wp-json\/wp\/v2\/posts\/4598\/revisions"}],"predecessor-version":[{"id":25026,"href":"https:\/\/mon.uvic.cat\/butlleti-recerca\/wp-json\/wp\/v2\/posts\/4598\/revisions\/25026"}],"wp:featuredmedia":[{"embeddable":true,"href":"https:\/\/mon.uvic.cat\/butlleti-recerca\/wp-json\/wp\/v2\/media\/4622"}],"wp:attachment":[{"href":"https:\/\/mon.uvic.cat\/butlleti-recerca\/wp-json\/wp\/v2\/media?parent=4598"}],"wp:term":[{"taxonomy":"category","embeddable":true,"href":"https:\/\/mon.uvic.cat\/butlleti-recerca\/wp-json\/wp\/v2\/categories?post=4598"},{"taxonomy":"post_tag","embeddable":true,"href":"https:\/\/mon.uvic.cat\/butlleti-recerca\/wp-json\/wp\/v2\/tags?post=4598"}],"curies":[{"name":"wp","href":"https:\/\/api.w.org\/{rel}","templated":true}]}}