{"id":4163,"date":"2020-04-27T17:39:26","date_gmt":"2020-04-27T15:39:26","guid":{"rendered":"http:\/\/mon.uvic.cat\/butlleti-recerca\/?p=4163"},"modified":"2020-04-27T17:39:26","modified_gmt":"2020-04-27T15:39:26","slug":"identification-of-20-novel-loci-associated-with-ischaemic-stroke-epigenome-wide-association-study","status":"publish","type":"post","link":"https:\/\/mon.uvic.cat\/butlleti-recerca\/2020\/04\/27\/identification-of-20-novel-loci-associated-with-ischaemic-stroke-epigenome-wide-association-study\/","title":{"rendered":"Identification of 20 novel loci associated with ischaemic stroke. Epigenome-wide association study"},"content":{"rendered":"<ul>\n<li>Soriano-T\u00e1rraga, C., Lazcano, U., Giralt-Steinhauer, E., Avellaneda-G\u00f3mez, C., Ois, \u00c1., Rodr\u00edguez-Campello, A., Cuadrado-Godia, E., G\u00f3mez-Gonz\u00e1lez, A., Fern\u00e1ndez-Sanl\u00e9s, A., Elosua, R, \u2026 Jim\u00e9nez-Conde, J. (2020). <a href=\"https:\/\/doi.org\/10.1080\/15592294.2020.1746507\">Identification of 20 novel loci associated with ischaemic stroke. Epigenome-wide association study<\/a>. <em>Epigenetics<\/em>. doi: 10.1080\/15592294.2020.1746507<\/li>\n<\/ul>\n","protected":false},"excerpt":{"rendered":"<p>Soriano-T\u00e1rraga, C., Lazcano, U., Giralt-Steinhauer, E., Avellaneda-G\u00f3mez, C., Ois, \u00c1., Rodr\u00edguez-Campello, A., Cuadrado-Godia, E., G\u00f3mez-Gonz\u00e1lez, A., Fern\u00e1ndez-Sanl\u00e9s, A., Elosua, R, &hellip; <a href=\"https:\/\/mon.uvic.cat\/butlleti-recerca\/2020\/04\/27\/identification-of-20-novel-loci-associated-with-ischaemic-stroke-epigenome-wide-association-study\/\">Read More<\/a><\/p>\n","protected":false},"author":430,"featured_media":0,"comment_status":"open","ping_status":"open","sticky":false,"template":"","format":"standard","meta":{"_price":"","_stock":"","_tribe_ticket_header":"","_tribe_default_ticket_provider":"","_tribe_ticket_capacity":"0","_ticket_start_date":"","_ticket_end_date":"","_tribe_ticket_show_description":"","_tribe_ticket_show_not_going":false,"_tribe_ticket_use_global_stock":"","_tribe_ticket_global_stock_level":"","_global_stock_mode":"","_global_stock_cap":"","_tribe_rsvp_for_event":"","_tribe_ticket_going_count":"","_tribe_ticket_not_going_count":"","_tribe_tickets_list":"[]","_tribe_ticket_has_attendee_info_fields":false,"jetpack_post_was_ever_published":false,"_jetpack_newsletter_access":"","_jetpack_dont_email_post_to_subs":false,"_jetpack_newsletter_tier_id":0,"_jetpack_memberships_contains_paywalled_content":false,"_jetpack_memberships_contains_paid_content":false,"footnotes":"","jetpack_publicize_message":"","jetpack_publicize_feature_enabled":true,"jetpack_social_post_already_shared":true,"jetpack_social_options":{"image_generator_settings":{"template":"highway","default_image_id":0,"font":"","enabled":false},"version":2}},"categories":[4],"tags":[],"class_list":["post-4163","post","type-post","status-publish","format-standard","hentry","category-publicacions"],"jetpack_publicize_connections":[],"jetpack_featured_media_url":"","jetpack_sharing_enabled":true,"jetpack_shortlink":"https:\/\/wp.me\/paCdMn-159","publishpress_future_action":{"enabled":false,"date":"2026-05-04 15:17:10","action":"change-status","newStatus":"trash","terms":[],"taxonomy":"category","extraData":[]},"publishpress_future_workflow_manual_trigger":{"enabledWorkflows":[]},"_links":{"self":[{"href":"https:\/\/mon.uvic.cat\/butlleti-recerca\/wp-json\/wp\/v2\/posts\/4163","targetHints":{"allow":["GET"]}}],"collection":[{"href":"https:\/\/mon.uvic.cat\/butlleti-recerca\/wp-json\/wp\/v2\/posts"}],"about":[{"href":"https:\/\/mon.uvic.cat\/butlleti-recerca\/wp-json\/wp\/v2\/types\/post"}],"author":[{"embeddable":true,"href":"https:\/\/mon.uvic.cat\/butlleti-recerca\/wp-json\/wp\/v2\/users\/430"}],"replies":[{"embeddable":true,"href":"https:\/\/mon.uvic.cat\/butlleti-recerca\/wp-json\/wp\/v2\/comments?post=4163"}],"version-history":[{"count":1,"href":"https:\/\/mon.uvic.cat\/butlleti-recerca\/wp-json\/wp\/v2\/posts\/4163\/revisions"}],"predecessor-version":[{"id":4164,"href":"https:\/\/mon.uvic.cat\/butlleti-recerca\/wp-json\/wp\/v2\/posts\/4163\/revisions\/4164"}],"wp:attachment":[{"href":"https:\/\/mon.uvic.cat\/butlleti-recerca\/wp-json\/wp\/v2\/media?parent=4163"}],"wp:term":[{"taxonomy":"category","embeddable":true,"href":"https:\/\/mon.uvic.cat\/butlleti-recerca\/wp-json\/wp\/v2\/categories?post=4163"},{"taxonomy":"post_tag","embeddable":true,"href":"https:\/\/mon.uvic.cat\/butlleti-recerca\/wp-json\/wp\/v2\/tags?post=4163"}],"curies":[{"name":"wp","href":"https:\/\/api.w.org\/{rel}","templated":true}]}}