{"id":3369,"date":"2020-01-20T16:41:02","date_gmt":"2020-01-20T14:41:02","guid":{"rendered":"http:\/\/mon.uvic.cat\/butlleti-recerca\/?p=3369"},"modified":"2020-01-20T16:41:02","modified_gmt":"2020-01-20T14:41:02","slug":"definition-and-recommendations-for-advance-care-planning-an-international-consensus-supported-by-the-european-association-for-palliative-care-eapc-definicion-y-recomendaciones-para-la-planificaci","status":"publish","type":"post","link":"https:\/\/mon.uvic.cat\/butlleti-recerca\/2020\/01\/20\/definition-and-recommendations-for-advance-care-planning-an-international-consensus-supported-by-the-european-association-for-palliative-care-eapc-definicion-y-recomendaciones-para-la-planificaci\/","title":{"rendered":"Definition and recommendations for advance care planning: An international consensus supported by the European Association for Palliative Care (EAPC) | Definici\u00f3n y recomendaciones para la planificaci\u00f3n de decisiones anticipadas: Un consenso internacional"},"content":{"rendered":"<ul>\n<li>Lasmar\u00edas Mart\u00ednez, C., Delgado Gir\u00f3n, S., Rietjens, J. A. C., Korfage, I. J., i G\u00f3mez-Batiste, X. (2019). <a href=\"https:\/\/doi.org\/10.20986\/medpal.2019.1068\/2019\">Definition and recommendations for advance care planning: An international consensus supported by the European Association for Palliative Care (EAPC) | Definici\u00f3n y recomendaciones para la planificaci\u00f3n de decisiones anticipadas: Un consenso internacional<\/a>. Medicina Paliativa, 26(3), 236-249. https:\/\/doi.org\/10.20986\/medpal.2019.1068\/2019<\/li>\n<\/ul>\n","protected":false},"excerpt":{"rendered":"<p>Lasmar\u00edas Mart\u00ednez, C., Delgado Gir\u00f3n, S., Rietjens, J. A. C., Korfage, I. J., i G\u00f3mez-Batiste, X. (2019). Definition and recommendations &hellip; <a href=\"https:\/\/mon.uvic.cat\/butlleti-recerca\/2020\/01\/20\/definition-and-recommendations-for-advance-care-planning-an-international-consensus-supported-by-the-european-association-for-palliative-care-eapc-definicion-y-recomendaciones-para-la-planificaci\/\">Read More<\/a><\/p>\n","protected":false},"author":430,"featured_media":0,"comment_status":"open","ping_status":"open","sticky":false,"template":"","format":"standard","meta":{"_price":"","_stock":"","_tribe_ticket_header":"","_tribe_default_ticket_provider":"","_tribe_ticket_capacity":"0","_ticket_start_date":"","_ticket_end_date":"","_tribe_ticket_show_description":"","_tribe_ticket_show_not_going":false,"_tribe_ticket_use_global_stock":"","_tribe_ticket_global_stock_level":"","_global_stock_mode":"","_global_stock_cap":"","_tribe_rsvp_for_event":"","_tribe_ticket_going_count":"","_tribe_ticket_not_going_count":"","_tribe_tickets_list":"[]","_tribe_ticket_has_attendee_info_fields":false,"jetpack_post_was_ever_published":false,"_jetpack_newsletter_access":"","_jetpack_dont_email_post_to_subs":false,"_jetpack_newsletter_tier_id":0,"_jetpack_memberships_contains_paywalled_content":false,"_jetpack_memberships_contains_paid_content":false,"footnotes":"","jetpack_publicize_message":"","jetpack_publicize_feature_enabled":true,"jetpack_social_post_already_shared":true,"jetpack_social_options":{"image_generator_settings":{"template":"highway","default_image_id":0,"font":"","enabled":false},"version":2}},"categories":[4],"tags":[],"class_list":["post-3369","post","type-post","status-publish","format-standard","hentry","category-publicacions"],"jetpack_publicize_connections":[],"jetpack_featured_media_url":"","jetpack_sharing_enabled":true,"jetpack_shortlink":"https:\/\/wp.me\/paCdMn-Sl","publishpress_future_action":{"enabled":false,"date":"2026-05-05 04:50:48","action":"change-status","newStatus":"trash","terms":[],"taxonomy":"category","extraData":[]},"publishpress_future_workflow_manual_trigger":{"enabledWorkflows":[]},"_links":{"self":[{"href":"https:\/\/mon.uvic.cat\/butlleti-recerca\/wp-json\/wp\/v2\/posts\/3369","targetHints":{"allow":["GET"]}}],"collection":[{"href":"https:\/\/mon.uvic.cat\/butlleti-recerca\/wp-json\/wp\/v2\/posts"}],"about":[{"href":"https:\/\/mon.uvic.cat\/butlleti-recerca\/wp-json\/wp\/v2\/types\/post"}],"author":[{"embeddable":true,"href":"https:\/\/mon.uvic.cat\/butlleti-recerca\/wp-json\/wp\/v2\/users\/430"}],"replies":[{"embeddable":true,"href":"https:\/\/mon.uvic.cat\/butlleti-recerca\/wp-json\/wp\/v2\/comments?post=3369"}],"version-history":[{"count":1,"href":"https:\/\/mon.uvic.cat\/butlleti-recerca\/wp-json\/wp\/v2\/posts\/3369\/revisions"}],"predecessor-version":[{"id":3370,"href":"https:\/\/mon.uvic.cat\/butlleti-recerca\/wp-json\/wp\/v2\/posts\/3369\/revisions\/3370"}],"wp:attachment":[{"href":"https:\/\/mon.uvic.cat\/butlleti-recerca\/wp-json\/wp\/v2\/media?parent=3369"}],"wp:term":[{"taxonomy":"category","embeddable":true,"href":"https:\/\/mon.uvic.cat\/butlleti-recerca\/wp-json\/wp\/v2\/categories?post=3369"},{"taxonomy":"post_tag","embeddable":true,"href":"https:\/\/mon.uvic.cat\/butlleti-recerca\/wp-json\/wp\/v2\/tags?post=3369"}],"curies":[{"name":"wp","href":"https:\/\/api.w.org\/{rel}","templated":true}]}}