{"id":3367,"date":"2020-01-20T16:41:02","date_gmt":"2020-01-20T14:41:02","guid":{"rendered":"http:\/\/mon.uvic.cat\/butlleti-recerca\/?p=3367"},"modified":"2020-01-20T16:41:02","modified_gmt":"2020-01-20T14:41:02","slug":"effects-of-mild-intensity-physical-activity-on-the-physical-condition-of-older-adults-a-systematic-review-efectos-de-la-actividad-fisica-de-intensidad-suave-sobre-las-condiciones-fisicas-de-los-adu","status":"publish","type":"post","link":"https:\/\/mon.uvic.cat\/butlleti-recerca\/2020\/01\/20\/effects-of-mild-intensity-physical-activity-on-the-physical-condition-of-older-adults-a-systematic-review-efectos-de-la-actividad-fisica-de-intensidad-suave-sobre-las-condiciones-fisicas-de-los-adu\/","title":{"rendered":"Effects of mild intensity physical activity on the physical condition of older adults: A systematic review | Efectos de la actividad f\u00edsica de intensidad suave sobre las condiciones f\u00edsicas de los adultos mayores: revisi\u00f3n sistem\u00e1tica"},"content":{"rendered":"<ul>\n<li>Font-Jutgl\u00e0, C., Mur Gimeno, E., Bort Roig, J., Gomes da Silva, M., i Mil\u00e0 Villarroel, R. (2019). <a href=\"https:\/\/doi.org\/10.1016\/j.regg.2019.10.007\">Effects of mild intensity physical activity on the physical condition of older adults: A systematic review | Efectos de la actividad f\u00edsica de intensidad suave sobre las condiciones f\u00edsicas de los adultos mayores: revisi\u00f3n sistem\u00e1tica<\/a>. Revista Espanola de Geriatria y Gerontologia. https:\/\/doi.org\/10.1016\/j.regg.2019.10.007<\/li>\n<\/ul>\n","protected":false},"excerpt":{"rendered":"<p>Font-Jutgl\u00e0, C., Mur Gimeno, E., Bort Roig, J., Gomes da Silva, M., i Mil\u00e0 Villarroel, R. (2019). Effects of mild &hellip; <a href=\"https:\/\/mon.uvic.cat\/butlleti-recerca\/2020\/01\/20\/effects-of-mild-intensity-physical-activity-on-the-physical-condition-of-older-adults-a-systematic-review-efectos-de-la-actividad-fisica-de-intensidad-suave-sobre-las-condiciones-fisicas-de-los-adu\/\">Read More<\/a><\/p>\n","protected":false},"author":430,"featured_media":0,"comment_status":"open","ping_status":"open","sticky":false,"template":"","format":"standard","meta":{"_price":"","_stock":"","_tribe_ticket_header":"","_tribe_default_ticket_provider":"","_tribe_ticket_capacity":"0","_ticket_start_date":"","_ticket_end_date":"","_tribe_ticket_show_description":"","_tribe_ticket_show_not_going":false,"_tribe_ticket_use_global_stock":"","_tribe_ticket_global_stock_level":"","_global_stock_mode":"","_global_stock_cap":"","_tribe_rsvp_for_event":"","_tribe_ticket_going_count":"","_tribe_ticket_not_going_count":"","_tribe_tickets_list":"[]","_tribe_ticket_has_attendee_info_fields":false,"jetpack_post_was_ever_published":false,"_jetpack_newsletter_access":"","_jetpack_dont_email_post_to_subs":false,"_jetpack_newsletter_tier_id":0,"_jetpack_memberships_contains_paywalled_content":false,"_jetpack_memberships_contains_paid_content":false,"footnotes":"","jetpack_publicize_message":"","jetpack_publicize_feature_enabled":true,"jetpack_social_post_already_shared":true,"jetpack_social_options":{"image_generator_settings":{"template":"highway","default_image_id":0,"font":"","enabled":false},"version":2}},"categories":[4],"tags":[],"class_list":["post-3367","post","type-post","status-publish","format-standard","hentry","category-publicacions"],"jetpack_publicize_connections":[],"jetpack_featured_media_url":"","jetpack_sharing_enabled":true,"jetpack_shortlink":"https:\/\/wp.me\/paCdMn-Sj","publishpress_future_action":{"enabled":false,"date":"2026-05-05 05:04:54","action":"change-status","newStatus":"trash","terms":[],"taxonomy":"category","extraData":[]},"publishpress_future_workflow_manual_trigger":{"enabledWorkflows":[]},"_links":{"self":[{"href":"https:\/\/mon.uvic.cat\/butlleti-recerca\/wp-json\/wp\/v2\/posts\/3367","targetHints":{"allow":["GET"]}}],"collection":[{"href":"https:\/\/mon.uvic.cat\/butlleti-recerca\/wp-json\/wp\/v2\/posts"}],"about":[{"href":"https:\/\/mon.uvic.cat\/butlleti-recerca\/wp-json\/wp\/v2\/types\/post"}],"author":[{"embeddable":true,"href":"https:\/\/mon.uvic.cat\/butlleti-recerca\/wp-json\/wp\/v2\/users\/430"}],"replies":[{"embeddable":true,"href":"https:\/\/mon.uvic.cat\/butlleti-recerca\/wp-json\/wp\/v2\/comments?post=3367"}],"version-history":[{"count":1,"href":"https:\/\/mon.uvic.cat\/butlleti-recerca\/wp-json\/wp\/v2\/posts\/3367\/revisions"}],"predecessor-version":[{"id":3368,"href":"https:\/\/mon.uvic.cat\/butlleti-recerca\/wp-json\/wp\/v2\/posts\/3367\/revisions\/3368"}],"wp:attachment":[{"href":"https:\/\/mon.uvic.cat\/butlleti-recerca\/wp-json\/wp\/v2\/media?parent=3367"}],"wp:term":[{"taxonomy":"category","embeddable":true,"href":"https:\/\/mon.uvic.cat\/butlleti-recerca\/wp-json\/wp\/v2\/categories?post=3367"},{"taxonomy":"post_tag","embeddable":true,"href":"https:\/\/mon.uvic.cat\/butlleti-recerca\/wp-json\/wp\/v2\/tags?post=3367"}],"curies":[{"name":"wp","href":"https:\/\/api.w.org\/{rel}","templated":true}]}}