{"id":3157,"date":"2019-12-16T16:25:17","date_gmt":"2019-12-16T14:25:17","guid":{"rendered":"http:\/\/mon.uvic.cat\/butlleti-recerca\/?p=3157"},"modified":"2019-12-16T16:25:17","modified_gmt":"2019-12-16T14:25:17","slug":"trafficking-of-stretch-regulated-trpv2-and-trpv4-channels-inferred-through-interactomics","status":"publish","type":"post","link":"https:\/\/mon.uvic.cat\/butlleti-recerca\/2019\/12\/16\/trafficking-of-stretch-regulated-trpv2-and-trpv4-channels-inferred-through-interactomics\/","title":{"rendered":"Trafficking of Stretch-Regulated TRPV2 and TRPV4 Channels Inferred Through Interactomics"},"content":{"rendered":"<ul>\n<li>Do\u00f1ate-Maci\u00e1n, P., Enrich-Bengoa, J., D\u00e9gano, I. R., Quintana, D. G., i Per\u00e1lvarez-Mar\u00edn, A. (2019). <a href=\"https:\/\/doi.org\/10.3390\/biom9120791\">Trafficking of Stretch-Regulated TRPV2 and TRPV4 Channels Inferred Through Interactomics<\/a>. Biomolecules, 9(12), 791. https:\/\/doi.org\/10.3390\/biom9120791<\/li>\n<\/ul>\n","protected":false},"excerpt":{"rendered":"<p>Do\u00f1ate-Maci\u00e1n, P., Enrich-Bengoa, J., D\u00e9gano, I. R., Quintana, D. G., i Per\u00e1lvarez-Mar\u00edn, A. (2019). Trafficking of Stretch-Regulated TRPV2 and TRPV4 &hellip; <a href=\"https:\/\/mon.uvic.cat\/butlleti-recerca\/2019\/12\/16\/trafficking-of-stretch-regulated-trpv2-and-trpv4-channels-inferred-through-interactomics\/\">Read More<\/a><\/p>\n","protected":false},"author":430,"featured_media":0,"comment_status":"open","ping_status":"open","sticky":false,"template":"","format":"standard","meta":{"_price":"","_stock":"","_tribe_ticket_header":"","_tribe_default_ticket_provider":"","_tribe_ticket_capacity":"0","_ticket_start_date":"","_ticket_end_date":"","_tribe_ticket_show_description":"","_tribe_ticket_show_not_going":false,"_tribe_ticket_use_global_stock":"","_tribe_ticket_global_stock_level":"","_global_stock_mode":"","_global_stock_cap":"","_tribe_rsvp_for_event":"","_tribe_ticket_going_count":"","_tribe_ticket_not_going_count":"","_tribe_tickets_list":"[]","_tribe_ticket_has_attendee_info_fields":false,"jetpack_post_was_ever_published":false,"_jetpack_newsletter_access":"","_jetpack_dont_email_post_to_subs":false,"_jetpack_newsletter_tier_id":0,"_jetpack_memberships_contains_paywalled_content":false,"_jetpack_memberships_contains_paid_content":false,"footnotes":"","jetpack_publicize_message":"","jetpack_publicize_feature_enabled":true,"jetpack_social_post_already_shared":true,"jetpack_social_options":{"image_generator_settings":{"template":"highway","default_image_id":0,"font":"","enabled":false},"version":2}},"categories":[4],"tags":[],"class_list":["post-3157","post","type-post","status-publish","format-standard","hentry","category-publicacions"],"jetpack_publicize_connections":[],"jetpack_featured_media_url":"","jetpack_sharing_enabled":true,"jetpack_shortlink":"https:\/\/wp.me\/paCdMn-OV","publishpress_future_action":{"enabled":false,"date":"2026-05-04 15:15:44","action":"change-status","newStatus":"trash","terms":[],"taxonomy":"category","extraData":[]},"publishpress_future_workflow_manual_trigger":{"enabledWorkflows":[]},"_links":{"self":[{"href":"https:\/\/mon.uvic.cat\/butlleti-recerca\/wp-json\/wp\/v2\/posts\/3157","targetHints":{"allow":["GET"]}}],"collection":[{"href":"https:\/\/mon.uvic.cat\/butlleti-recerca\/wp-json\/wp\/v2\/posts"}],"about":[{"href":"https:\/\/mon.uvic.cat\/butlleti-recerca\/wp-json\/wp\/v2\/types\/post"}],"author":[{"embeddable":true,"href":"https:\/\/mon.uvic.cat\/butlleti-recerca\/wp-json\/wp\/v2\/users\/430"}],"replies":[{"embeddable":true,"href":"https:\/\/mon.uvic.cat\/butlleti-recerca\/wp-json\/wp\/v2\/comments?post=3157"}],"version-history":[{"count":1,"href":"https:\/\/mon.uvic.cat\/butlleti-recerca\/wp-json\/wp\/v2\/posts\/3157\/revisions"}],"predecessor-version":[{"id":3158,"href":"https:\/\/mon.uvic.cat\/butlleti-recerca\/wp-json\/wp\/v2\/posts\/3157\/revisions\/3158"}],"wp:attachment":[{"href":"https:\/\/mon.uvic.cat\/butlleti-recerca\/wp-json\/wp\/v2\/media?parent=3157"}],"wp:term":[{"taxonomy":"category","embeddable":true,"href":"https:\/\/mon.uvic.cat\/butlleti-recerca\/wp-json\/wp\/v2\/categories?post=3157"},{"taxonomy":"post_tag","embeddable":true,"href":"https:\/\/mon.uvic.cat\/butlleti-recerca\/wp-json\/wp\/v2\/tags?post=3157"}],"curies":[{"name":"wp","href":"https:\/\/api.w.org\/{rel}","templated":true}]}}