{"id":29121,"date":"2026-04-27T17:43:37","date_gmt":"2026-04-27T15:43:37","guid":{"rendered":"https:\/\/mon.uvic.cat\/butlleti-recerca\/?p=29121"},"modified":"2026-04-27T18:31:14","modified_gmt":"2026-04-27T16:31:14","slug":"subvencions-per-a-projectes-de-recerca-jove-i-emergent","status":"publish","type":"post","link":"https:\/\/mon.uvic.cat\/butlleti-recerca\/2026\/04\/27\/subvencions-per-a-projectes-de-recerca-jove-i-emergent\/","title":{"rendered":"Subvencions per a projectes de recerca jove i emergent"},"content":{"rendered":"<p><a href=\"https:\/\/ajuntament.barcelona.cat\/ca\/informacio-administrativa\/subvencions\/subvencions-projectes-de-recerca-jove-i-emergent-2026\">Subvencions per a projectes de recerca jove i emergent<\/a><br \/>\n<strong>Convoca<\/strong>: Ajuntament de Barcelona<br \/>\n<strong>Termini<\/strong>: 01\/06\/2026<\/p>\n<p><span style=\"font-size: 10pt\">Els projectes s\u2019han de basar en la recerca de reptes que es puguin englobar dins algun d\u2019aquests tres \u00e0mbits tem\u00e0tics i abordar un dels dotze reptes espec\u00edfics:<\/span><\/p>\n<p><span style=\"font-size: 10pt\">A.\u00a0Ci\u00e8ncies de la vida i de la salut<\/span><\/p>\n<ul>\n<li><span style=\"font-size: 10pt\">a.\u00a0Ter\u00e0pies avan\u00e7ades\u00a0<\/span><\/li>\n<li><span style=\"font-size: 10pt\">b.\u00a0Salut digital<\/span><\/li>\n<li><span style=\"font-size: 10pt\">c.\u00a0Salut comunit\u00e0ria<\/span><\/li>\n<li><span style=\"font-size: 10pt\">d.\u00a0Determinants socials de la salut<\/span><\/li>\n<\/ul>\n<p><span style=\"font-size: 10pt\">B.\u00a0Innovaci\u00f3 tecnol\u00f2gica i ciutat<\/span><\/p>\n<ul>\n<li><span style=\"font-size: 10pt\">a.\u00a0Xips i semiconductors<\/span><\/li>\n<li><span style=\"font-size: 10pt\">b.\u00a0Intel\u00b7lig\u00e8ncia artificial<\/span><\/li>\n<li><span style=\"font-size: 10pt\">c.\u00a0Tecnologies qu\u00e0ntiques<\/span><\/li>\n<li><span style=\"font-size: 10pt\">d.\u00a0\u00c8tica i humanisme tecnol\u00f2gic<\/span><\/li>\n<\/ul>\n<p><span style=\"font-size: 10pt\">C.\u00a0Sostenibilitat i canvi clim\u00e0tic<\/span><\/p>\n<ul>\n<li><span style=\"font-size: 10pt\">a.\u00a0Emerg\u00e8ncia clim\u00e0tica<\/span><\/li>\n<li><span style=\"font-size: 10pt\">b.\u00a0Alimentaci\u00f3 i consum responsable<\/span><\/li>\n<li><span style=\"font-size: 10pt\">c.\u00a0Economia verda i blava a la ciutat<\/span><\/li>\n<li><span style=\"font-size: 10pt\">d.\u00a0Resili\u00e8ncia urbana i social<\/span><\/li>\n<\/ul>\n","protected":false},"excerpt":{"rendered":"<p>Subvencions per a projectes de recerca jove i emergent Convoca: Ajuntament de Barcelona Termini: 01\/06\/2026 Els projectes s\u2019han de basar &hellip; <a href=\"https:\/\/mon.uvic.cat\/butlleti-recerca\/2026\/04\/27\/subvencions-per-a-projectes-de-recerca-jove-i-emergent\/\">Read More<\/a><\/p>\n","protected":false},"author":430,"featured_media":0,"comment_status":"open","ping_status":"open","sticky":false,"template":"","format":"standard","meta":{"_price":"","_stock":"","_tribe_ticket_header":"","_tribe_default_ticket_provider":"","_tribe_ticket_capacity":"","_ticket_start_date":"","_ticket_end_date":"","_tribe_ticket_show_description":"","_tribe_ticket_show_not_going":false,"_tribe_ticket_use_global_stock":"","_tribe_ticket_global_stock_level":"","_global_stock_mode":"","_global_stock_cap":"","_tribe_rsvp_for_event":"","_tribe_ticket_going_count":"","_tribe_ticket_not_going_count":"","_tribe_tickets_list":"[]","_tribe_ticket_has_attendee_info_fields":false,"jetpack_post_was_ever_published":false,"_jetpack_newsletter_access":"","_jetpack_dont_email_post_to_subs":false,"_jetpack_newsletter_tier_id":0,"_jetpack_memberships_contains_paywalled_content":false,"_jetpack_memberships_contains_paid_content":false,"footnotes":"","jetpack_publicize_message":"","jetpack_publicize_feature_enabled":true,"jetpack_social_post_already_shared":true,"jetpack_social_options":{"image_generator_settings":{"template":"highway","default_image_id":0,"font":"","enabled":false},"version":2}},"categories":[40,37,5,38,7,39],"tags":[],"class_list":["post-29121","post","type-post","status-publish","format-standard","hentry","category-convocatories-enginyeries","category-convocatories-ciencies","category-convocatories-de-la-setmana","category-convocatories-salut","category-convocatories-obertes","category-convocatories-socials"],"jetpack_publicize_connections":[],"jetpack_featured_media_url":"","jetpack_sharing_enabled":true,"jetpack_shortlink":"https:\/\/wp.me\/paCdMn-7zH","publishpress_future_action":{"enabled":true,"date":"2026-06-01 23:59:00","action":"change-status","newStatus":"trash","terms":[0],"taxonomy":"category","extraData":[]},"publishpress_future_workflow_manual_trigger":{"enabledWorkflows":[]},"_links":{"self":[{"href":"https:\/\/mon.uvic.cat\/butlleti-recerca\/wp-json\/wp\/v2\/posts\/29121","targetHints":{"allow":["GET"]}}],"collection":[{"href":"https:\/\/mon.uvic.cat\/butlleti-recerca\/wp-json\/wp\/v2\/posts"}],"about":[{"href":"https:\/\/mon.uvic.cat\/butlleti-recerca\/wp-json\/wp\/v2\/types\/post"}],"author":[{"embeddable":true,"href":"https:\/\/mon.uvic.cat\/butlleti-recerca\/wp-json\/wp\/v2\/users\/430"}],"replies":[{"embeddable":true,"href":"https:\/\/mon.uvic.cat\/butlleti-recerca\/wp-json\/wp\/v2\/comments?post=29121"}],"version-history":[{"count":2,"href":"https:\/\/mon.uvic.cat\/butlleti-recerca\/wp-json\/wp\/v2\/posts\/29121\/revisions"}],"predecessor-version":[{"id":29145,"href":"https:\/\/mon.uvic.cat\/butlleti-recerca\/wp-json\/wp\/v2\/posts\/29121\/revisions\/29145"}],"wp:attachment":[{"href":"https:\/\/mon.uvic.cat\/butlleti-recerca\/wp-json\/wp\/v2\/media?parent=29121"}],"wp:term":[{"taxonomy":"category","embeddable":true,"href":"https:\/\/mon.uvic.cat\/butlleti-recerca\/wp-json\/wp\/v2\/categories?post=29121"},{"taxonomy":"post_tag","embeddable":true,"href":"https:\/\/mon.uvic.cat\/butlleti-recerca\/wp-json\/wp\/v2\/tags?post=29121"}],"curies":[{"name":"wp","href":"https:\/\/api.w.org\/{rel}","templated":true}]}}