{"id":29112,"date":"2026-04-27T17:42:06","date_gmt":"2026-04-27T15:42:06","guid":{"rendered":"https:\/\/mon.uvic.cat\/butlleti-recerca\/?p=29112"},"modified":"2026-04-27T17:42:06","modified_gmt":"2026-04-27T15:42:06","slug":"premio-de-economia-rey-de-espana","status":"publish","type":"post","link":"https:\/\/mon.uvic.cat\/butlleti-recerca\/2026\/04\/27\/premio-de-economia-rey-de-espana\/","title":{"rendered":"Premio de Econom\u00eda Rey de Espa\u00f1a"},"content":{"rendered":"<p><a href=\"https:\/\/www.premiodeeconomia.org\/wpm\/es\/\">Premio de Econom\u00eda Rey de Espa\u00f1a<\/a><br \/>\n<strong>Convoca<\/strong>: Fundaci\u00f3n Jos\u00e9 Celma Prieto<br \/>\n<strong>Termini<\/strong>: 30\/06\/2026<\/p>\n","protected":false},"excerpt":{"rendered":"<p>Premio de Econom\u00eda Rey de Espa\u00f1a Convoca: Fundaci\u00f3n Jos\u00e9 Celma Prieto Termini: 30\/06\/2026<\/p>\n","protected":false},"author":430,"featured_media":0,"comment_status":"open","ping_status":"open","sticky":false,"template":"","format":"standard","meta":{"_price":"","_stock":"","_tribe_ticket_header":"","_tribe_default_ticket_provider":"","_tribe_ticket_capacity":"","_ticket_start_date":"","_ticket_end_date":"","_tribe_ticket_show_description":"","_tribe_ticket_show_not_going":false,"_tribe_ticket_use_global_stock":"","_tribe_ticket_global_stock_level":"","_global_stock_mode":"","_global_stock_cap":"","_tribe_rsvp_for_event":"","_tribe_ticket_going_count":"","_tribe_ticket_not_going_count":"","_tribe_tickets_list":"[]","_tribe_ticket_has_attendee_info_fields":false,"jetpack_post_was_ever_published":false,"_jetpack_newsletter_access":"","_jetpack_dont_email_post_to_subs":false,"_jetpack_newsletter_tier_id":0,"_jetpack_memberships_contains_paywalled_content":false,"_jetpack_memberships_contains_paid_content":false,"footnotes":"","jetpack_publicize_message":"","jetpack_publicize_feature_enabled":true,"jetpack_social_post_already_shared":false,"jetpack_social_options":{"image_generator_settings":{"template":"highway","default_image_id":0,"font":"","enabled":false},"version":2}},"categories":[5,7,39],"tags":[],"class_list":["post-29112","post","type-post","status-publish","format-standard","hentry","category-convocatories-de-la-setmana","category-convocatories-obertes","category-convocatories-socials"],"jetpack_publicize_connections":[],"jetpack_featured_media_url":"","jetpack_sharing_enabled":true,"jetpack_shortlink":"https:\/\/wp.me\/paCdMn-7zy","publishpress_future_action":{"enabled":true,"date":"2026-06-30 23:59:00","action":"change-status","newStatus":"trash","terms":[0],"taxonomy":"category","extraData":[]},"publishpress_future_workflow_manual_trigger":{"enabledWorkflows":[]},"_links":{"self":[{"href":"https:\/\/mon.uvic.cat\/butlleti-recerca\/wp-json\/wp\/v2\/posts\/29112","targetHints":{"allow":["GET"]}}],"collection":[{"href":"https:\/\/mon.uvic.cat\/butlleti-recerca\/wp-json\/wp\/v2\/posts"}],"about":[{"href":"https:\/\/mon.uvic.cat\/butlleti-recerca\/wp-json\/wp\/v2\/types\/post"}],"author":[{"embeddable":true,"href":"https:\/\/mon.uvic.cat\/butlleti-recerca\/wp-json\/wp\/v2\/users\/430"}],"replies":[{"embeddable":true,"href":"https:\/\/mon.uvic.cat\/butlleti-recerca\/wp-json\/wp\/v2\/comments?post=29112"}],"version-history":[{"count":1,"href":"https:\/\/mon.uvic.cat\/butlleti-recerca\/wp-json\/wp\/v2\/posts\/29112\/revisions"}],"predecessor-version":[{"id":29113,"href":"https:\/\/mon.uvic.cat\/butlleti-recerca\/wp-json\/wp\/v2\/posts\/29112\/revisions\/29113"}],"wp:attachment":[{"href":"https:\/\/mon.uvic.cat\/butlleti-recerca\/wp-json\/wp\/v2\/media?parent=29112"}],"wp:term":[{"taxonomy":"category","embeddable":true,"href":"https:\/\/mon.uvic.cat\/butlleti-recerca\/wp-json\/wp\/v2\/categories?post=29112"},{"taxonomy":"post_tag","embeddable":true,"href":"https:\/\/mon.uvic.cat\/butlleti-recerca\/wp-json\/wp\/v2\/tags?post=29112"}],"curies":[{"name":"wp","href":"https:\/\/api.w.org\/{rel}","templated":true}]}}