{"id":29088,"date":"2026-04-27T18:37:44","date_gmt":"2026-04-27T16:37:44","guid":{"rendered":"https:\/\/mon.uvic.cat\/butlleti-recerca\/?p=29088"},"modified":"2026-04-27T18:37:44","modified_gmt":"2026-04-27T16:37:44","slug":"effectiveness-of-person-centred-versus-usual-care-in-elderly-patients-findings-from-a-multicentre-randomised-controlled-trial","status":"publish","type":"post","link":"https:\/\/mon.uvic.cat\/butlleti-recerca\/2026\/04\/27\/effectiveness-of-person-centred-versus-usual-care-in-elderly-patients-findings-from-a-multicentre-randomised-controlled-trial\/","title":{"rendered":"Effectiveness of person-centred versus usual care in elderly patients: findings from a multicentre randomised controlled trial"},"content":{"rendered":"<ul>\n<li>Rovira, C., Casanovas, M., Vizcaino, E., Massan\u00e9s, M., Mir\u00f3, Q., Sol\u00e0, L., Gallego, J., Armengol, J., \u2026 Vidal-Alaball, J., Modamio, P., Grp, P. S. (2026). Effectiveness of person-centred versus usual care in elderly patients: findings from a multicentre randomised controlled trial. <em>Journal of Pharmaceutical Policy and Practice<\/em>, 19(1), Article 2609020. <a href=\"https:\/\/doi.org\/10.1080\/20523211.2025.2609020\">https:\/\/doi.org\/10.1080\/20523211.2025.2609020<\/a><\/li>\n<\/ul>\n","protected":false},"excerpt":{"rendered":"<p>Rovira, C., Casanovas, M., Vizcaino, E., Massan\u00e9s, M., Mir\u00f3, Q., Sol\u00e0, L., Gallego, J., Armengol, J., \u2026 Vidal-Alaball, J., Modamio, &hellip; <a href=\"https:\/\/mon.uvic.cat\/butlleti-recerca\/2026\/04\/27\/effectiveness-of-person-centred-versus-usual-care-in-elderly-patients-findings-from-a-multicentre-randomised-controlled-trial\/\">Read More<\/a><\/p>\n","protected":false},"author":430,"featured_media":0,"comment_status":"open","ping_status":"open","sticky":false,"template":"","format":"standard","meta":{"_price":"","_stock":"","_tribe_ticket_header":"","_tribe_default_ticket_provider":"","_tribe_ticket_capacity":"","_ticket_start_date":"","_ticket_end_date":"","_tribe_ticket_show_description":"","_tribe_ticket_show_not_going":false,"_tribe_ticket_use_global_stock":"","_tribe_ticket_global_stock_level":"","_global_stock_mode":"","_global_stock_cap":"","_tribe_rsvp_for_event":"","_tribe_ticket_going_count":"","_tribe_ticket_not_going_count":"","_tribe_tickets_list":"[]","_tribe_ticket_has_attendee_info_fields":false,"jetpack_post_was_ever_published":false,"_jetpack_newsletter_access":"","_jetpack_dont_email_post_to_subs":false,"_jetpack_newsletter_tier_id":0,"_jetpack_memberships_contains_paywalled_content":false,"_jetpack_memberships_contains_paid_content":false,"footnotes":"","jetpack_publicize_message":"","jetpack_publicize_feature_enabled":true,"jetpack_social_post_already_shared":false,"jetpack_social_options":{"image_generator_settings":{"template":"highway","default_image_id":0,"font":"","enabled":false},"version":2}},"categories":[4],"tags":[],"class_list":["post-29088","post","type-post","status-publish","format-standard","hentry","category-publicacions"],"jetpack_publicize_connections":[],"jetpack_featured_media_url":"","jetpack_sharing_enabled":true,"jetpack_shortlink":"https:\/\/wp.me\/paCdMn-7za","publishpress_future_action":{"enabled":false,"date":"2026-05-05 11:21:17","action":"change-status","newStatus":"trash","terms":[],"taxonomy":"category","extraData":[]},"publishpress_future_workflow_manual_trigger":{"enabledWorkflows":[]},"_links":{"self":[{"href":"https:\/\/mon.uvic.cat\/butlleti-recerca\/wp-json\/wp\/v2\/posts\/29088","targetHints":{"allow":["GET"]}}],"collection":[{"href":"https:\/\/mon.uvic.cat\/butlleti-recerca\/wp-json\/wp\/v2\/posts"}],"about":[{"href":"https:\/\/mon.uvic.cat\/butlleti-recerca\/wp-json\/wp\/v2\/types\/post"}],"author":[{"embeddable":true,"href":"https:\/\/mon.uvic.cat\/butlleti-recerca\/wp-json\/wp\/v2\/users\/430"}],"replies":[{"embeddable":true,"href":"https:\/\/mon.uvic.cat\/butlleti-recerca\/wp-json\/wp\/v2\/comments?post=29088"}],"version-history":[{"count":1,"href":"https:\/\/mon.uvic.cat\/butlleti-recerca\/wp-json\/wp\/v2\/posts\/29088\/revisions"}],"predecessor-version":[{"id":29089,"href":"https:\/\/mon.uvic.cat\/butlleti-recerca\/wp-json\/wp\/v2\/posts\/29088\/revisions\/29089"}],"wp:attachment":[{"href":"https:\/\/mon.uvic.cat\/butlleti-recerca\/wp-json\/wp\/v2\/media?parent=29088"}],"wp:term":[{"taxonomy":"category","embeddable":true,"href":"https:\/\/mon.uvic.cat\/butlleti-recerca\/wp-json\/wp\/v2\/categories?post=29088"},{"taxonomy":"post_tag","embeddable":true,"href":"https:\/\/mon.uvic.cat\/butlleti-recerca\/wp-json\/wp\/v2\/tags?post=29088"}],"curies":[{"name":"wp","href":"https:\/\/api.w.org\/{rel}","templated":true}]}}