{"id":29020,"date":"2026-04-20T16:18:29","date_gmt":"2026-04-20T14:18:29","guid":{"rendered":"https:\/\/mon.uvic.cat\/butlleti-recerca\/?p=29020"},"modified":"2026-04-20T16:18:29","modified_gmt":"2026-04-20T14:18:29","slug":"prediction-of-respiratory-decompensation-in-patients-receiving-home-mechanical-ventilation-machine-learning-model-development-and-validation-study","status":"publish","type":"post","link":"https:\/\/mon.uvic.cat\/butlleti-recerca\/2026\/04\/20\/prediction-of-respiratory-decompensation-in-patients-receiving-home-mechanical-ventilation-machine-learning-model-development-and-validation-study\/","title":{"rendered":"Prediction of Respiratory Decompensation in Patients Receiving Home Mechanical Ventilation: Machine Learning Model Development and Validation Study"},"content":{"rendered":"<ul>\n<li>Berbel Casado, N., L\u00f3pez Segu\u00ed, F., Mu\u00f1oz Moruno, N., Rosell, A., Mu\u00f1oz Ferrer, A., Garcia Olive, I., &amp; Galdeano Lozano, M. (2025). Prediction of Respiratory Decompensation in Patients Receiving Home Mechanical Ventilation: Machine Learning Model Development and Validation Study. <em>JMIR Formative Research<\/em>, 9, e78941. <a href=\"https:\/\/doi.org\/10.2196\/78941\">https:\/\/doi.org\/10.2196\/78941<\/a><\/li>\n<\/ul>\n","protected":false},"excerpt":{"rendered":"<p>Berbel Casado, N., L\u00f3pez Segu\u00ed, F., Mu\u00f1oz Moruno, N., Rosell, A., Mu\u00f1oz Ferrer, A., Garcia Olive, I., &amp; Galdeano Lozano, &hellip; <a href=\"https:\/\/mon.uvic.cat\/butlleti-recerca\/2026\/04\/20\/prediction-of-respiratory-decompensation-in-patients-receiving-home-mechanical-ventilation-machine-learning-model-development-and-validation-study\/\">Read More<\/a><\/p>\n","protected":false},"author":430,"featured_media":0,"comment_status":"open","ping_status":"open","sticky":false,"template":"","format":"standard","meta":{"_price":"","_stock":"","_tribe_ticket_header":"","_tribe_default_ticket_provider":"","_tribe_ticket_capacity":"","_ticket_start_date":"","_ticket_end_date":"","_tribe_ticket_show_description":"","_tribe_ticket_show_not_going":false,"_tribe_ticket_use_global_stock":"","_tribe_ticket_global_stock_level":"","_global_stock_mode":"","_global_stock_cap":"","_tribe_rsvp_for_event":"","_tribe_ticket_going_count":"","_tribe_ticket_not_going_count":"","_tribe_tickets_list":"[]","_tribe_ticket_has_attendee_info_fields":false,"jetpack_post_was_ever_published":false,"_jetpack_newsletter_access":"","_jetpack_dont_email_post_to_subs":false,"_jetpack_newsletter_tier_id":0,"_jetpack_memberships_contains_paywalled_content":false,"_jetpack_memberships_contains_paid_content":false,"footnotes":"","jetpack_publicize_message":"","jetpack_publicize_feature_enabled":true,"jetpack_social_post_already_shared":false,"jetpack_social_options":{"image_generator_settings":{"template":"highway","default_image_id":0,"font":"","enabled":false},"version":2}},"categories":[4],"tags":[],"class_list":["post-29020","post","type-post","status-publish","format-standard","hentry","category-publicacions"],"jetpack_publicize_connections":[],"jetpack_featured_media_url":"","jetpack_sharing_enabled":true,"jetpack_shortlink":"https:\/\/wp.me\/paCdMn-7y4","publishpress_future_action":{"enabled":false,"date":"2026-05-04 15:15:38","action":"change-status","newStatus":"trash","terms":[],"taxonomy":"category","extraData":[]},"publishpress_future_workflow_manual_trigger":{"enabledWorkflows":[]},"_links":{"self":[{"href":"https:\/\/mon.uvic.cat\/butlleti-recerca\/wp-json\/wp\/v2\/posts\/29020","targetHints":{"allow":["GET"]}}],"collection":[{"href":"https:\/\/mon.uvic.cat\/butlleti-recerca\/wp-json\/wp\/v2\/posts"}],"about":[{"href":"https:\/\/mon.uvic.cat\/butlleti-recerca\/wp-json\/wp\/v2\/types\/post"}],"author":[{"embeddable":true,"href":"https:\/\/mon.uvic.cat\/butlleti-recerca\/wp-json\/wp\/v2\/users\/430"}],"replies":[{"embeddable":true,"href":"https:\/\/mon.uvic.cat\/butlleti-recerca\/wp-json\/wp\/v2\/comments?post=29020"}],"version-history":[{"count":1,"href":"https:\/\/mon.uvic.cat\/butlleti-recerca\/wp-json\/wp\/v2\/posts\/29020\/revisions"}],"predecessor-version":[{"id":29021,"href":"https:\/\/mon.uvic.cat\/butlleti-recerca\/wp-json\/wp\/v2\/posts\/29020\/revisions\/29021"}],"wp:attachment":[{"href":"https:\/\/mon.uvic.cat\/butlleti-recerca\/wp-json\/wp\/v2\/media?parent=29020"}],"wp:term":[{"taxonomy":"category","embeddable":true,"href":"https:\/\/mon.uvic.cat\/butlleti-recerca\/wp-json\/wp\/v2\/categories?post=29020"},{"taxonomy":"post_tag","embeddable":true,"href":"https:\/\/mon.uvic.cat\/butlleti-recerca\/wp-json\/wp\/v2\/tags?post=29020"}],"curies":[{"name":"wp","href":"https:\/\/api.w.org\/{rel}","templated":true}]}}