{"id":29003,"date":"2026-04-20T16:18:29","date_gmt":"2026-04-20T14:18:29","guid":{"rendered":"https:\/\/mon.uvic.cat\/butlleti-recerca\/?p=29003"},"modified":"2026-04-20T16:18:29","modified_gmt":"2026-04-20T14:18:29","slug":"riesgo-de-ictus-hemorragico-en-pacientes-con-trastornos-psiquiatricos-revision-sistematica-y-metaanalisis","status":"publish","type":"post","link":"https:\/\/mon.uvic.cat\/butlleti-recerca\/2026\/04\/20\/riesgo-de-ictus-hemorragico-en-pacientes-con-trastornos-psiquiatricos-revision-sistematica-y-metaanalisis\/","title":{"rendered":"Riesgo de ictus hemorr\u00e1gico en pacientes con trastornos psiqui\u00e1tricos: revisi\u00f3n sistem\u00e1tica y metaan\u00e1lisis"},"content":{"rendered":"<ul>\n<li>Ayerbe, L., Foguet-Boreu, Q., Forgnone, I., P\u00e9rez-Pi\u00f1ar, M., Mathur, R., &amp; Ayis, S. (2026). Riesgo de ictus hemorr\u00e1gico en pacientes con trastornos psiqui\u00e1tricos: revisi\u00f3n sistem\u00e1tica y metaan\u00e1lisis. <em>Neurocirug\u00eda<\/em>, 37(1), Article 500738. <a href=\"https:\/\/doi.org\/10.1016\/j.neucir.2025.500738\">https:\/\/doi.org\/10.1016\/j.neucir.2025.500738<\/a> (Review)<\/li>\n<\/ul>\n","protected":false},"excerpt":{"rendered":"<p>Ayerbe, L., Foguet-Boreu, Q., Forgnone, I., P\u00e9rez-Pi\u00f1ar, M., Mathur, R., &amp; Ayis, S. (2026). Riesgo de ictus hemorr\u00e1gico en pacientes &hellip; <a href=\"https:\/\/mon.uvic.cat\/butlleti-recerca\/2026\/04\/20\/riesgo-de-ictus-hemorragico-en-pacientes-con-trastornos-psiquiatricos-revision-sistematica-y-metaanalisis\/\">Read More<\/a><\/p>\n","protected":false},"author":430,"featured_media":0,"comment_status":"open","ping_status":"open","sticky":false,"template":"","format":"standard","meta":{"_price":"","_stock":"","_tribe_ticket_header":"","_tribe_default_ticket_provider":"","_tribe_ticket_capacity":"","_ticket_start_date":"","_ticket_end_date":"","_tribe_ticket_show_description":"","_tribe_ticket_show_not_going":false,"_tribe_ticket_use_global_stock":"","_tribe_ticket_global_stock_level":"","_global_stock_mode":"","_global_stock_cap":"","_tribe_rsvp_for_event":"","_tribe_ticket_going_count":"","_tribe_ticket_not_going_count":"","_tribe_tickets_list":"[]","_tribe_ticket_has_attendee_info_fields":false,"jetpack_post_was_ever_published":false,"_jetpack_newsletter_access":"","_jetpack_dont_email_post_to_subs":false,"_jetpack_newsletter_tier_id":0,"_jetpack_memberships_contains_paywalled_content":false,"_jetpack_memberships_contains_paid_content":false,"footnotes":"","jetpack_publicize_message":"","jetpack_publicize_feature_enabled":true,"jetpack_social_post_already_shared":false,"jetpack_social_options":{"image_generator_settings":{"template":"highway","default_image_id":0,"font":"","enabled":false},"version":2}},"categories":[4],"tags":[],"class_list":["post-29003","post","type-post","status-publish","format-standard","hentry","category-publicacions"],"jetpack_publicize_connections":[],"jetpack_featured_media_url":"","jetpack_sharing_enabled":true,"jetpack_shortlink":"https:\/\/wp.me\/paCdMn-7xN","publishpress_future_action":{"enabled":false,"date":"2026-05-04 15:15:39","action":"change-status","newStatus":"trash","terms":[],"taxonomy":"category","extraData":[]},"publishpress_future_workflow_manual_trigger":{"enabledWorkflows":[]},"_links":{"self":[{"href":"https:\/\/mon.uvic.cat\/butlleti-recerca\/wp-json\/wp\/v2\/posts\/29003","targetHints":{"allow":["GET"]}}],"collection":[{"href":"https:\/\/mon.uvic.cat\/butlleti-recerca\/wp-json\/wp\/v2\/posts"}],"about":[{"href":"https:\/\/mon.uvic.cat\/butlleti-recerca\/wp-json\/wp\/v2\/types\/post"}],"author":[{"embeddable":true,"href":"https:\/\/mon.uvic.cat\/butlleti-recerca\/wp-json\/wp\/v2\/users\/430"}],"replies":[{"embeddable":true,"href":"https:\/\/mon.uvic.cat\/butlleti-recerca\/wp-json\/wp\/v2\/comments?post=29003"}],"version-history":[{"count":1,"href":"https:\/\/mon.uvic.cat\/butlleti-recerca\/wp-json\/wp\/v2\/posts\/29003\/revisions"}],"predecessor-version":[{"id":29004,"href":"https:\/\/mon.uvic.cat\/butlleti-recerca\/wp-json\/wp\/v2\/posts\/29003\/revisions\/29004"}],"wp:attachment":[{"href":"https:\/\/mon.uvic.cat\/butlleti-recerca\/wp-json\/wp\/v2\/media?parent=29003"}],"wp:term":[{"taxonomy":"category","embeddable":true,"href":"https:\/\/mon.uvic.cat\/butlleti-recerca\/wp-json\/wp\/v2\/categories?post=29003"},{"taxonomy":"post_tag","embeddable":true,"href":"https:\/\/mon.uvic.cat\/butlleti-recerca\/wp-json\/wp\/v2\/tags?post=29003"}],"curies":[{"name":"wp","href":"https:\/\/api.w.org\/{rel}","templated":true}]}}