{"id":28243,"date":"2026-02-16T20:22:13","date_gmt":"2026-02-16T18:22:13","guid":{"rendered":"https:\/\/mon.uvic.cat\/butlleti-recerca\/?p=28243"},"modified":"2026-02-16T20:22:13","modified_gmt":"2026-02-16T18:22:13","slug":"disease-burden-and-treatment-patterns-in-patients-with-hidradenitis-suppurativa-and-concomitant-arthritis-a-multicenter-case-control-study","status":"publish","type":"post","link":"https:\/\/mon.uvic.cat\/butlleti-recerca\/2026\/02\/16\/disease-burden-and-treatment-patterns-in-patients-with-hidradenitis-suppurativa-and-concomitant-arthritis-a-multicenter-case-control-study\/","title":{"rendered":"Disease Burden and Treatment Patterns in Patients With Hidradenitis Suppurativa and Concomitant Arthritis: A Multicenter Case\u2013Control Study"},"content":{"rendered":"<ul>\n<li>Garbayo-Salmons, P., Molina-Leyva, A., Porta-Vilar\u00f3, A., Soto-Moreno, A., Fornons-Servent, R., Gamissans, M., Garcias-Ladaria, J., Gracia-Darder, I., Martin-Ezquerra, G., Verdaguer-Faja, J., Mora-Fern\u00e1ndez, V., Aguayo-Ortiz, R. S., Vilarrasa, E., Masferrer, E., Corral-Maga\u00f1a, O., Galvany, L., Rodrigo-Par\u00e9s, A., Saus, E., Moreno, M., \u2026 Calvet, J. (2025). Disease Burden and Treatment Patterns in Patients With Hidradenitis Suppurativa and Concomitant Arthritis: A Multicenter Case\u2013Control Study. <em>International Journal of Dermatology<\/em>. <a href=\"https:\/\/doi.org\/10.1111\/ijd.70125\">https:\/\/doi.org\/10.1111\/ijd.70125<\/a> (En premsa)<\/li>\n<\/ul>\n","protected":false},"excerpt":{"rendered":"<p>Garbayo-Salmons, P., Molina-Leyva, A., Porta-Vilar\u00f3, A., Soto-Moreno, A., Fornons-Servent, R., Gamissans, M., Garcias-Ladaria, J., Gracia-Darder, I., Martin-Ezquerra, G., Verdaguer-Faja, J., &hellip; <a href=\"https:\/\/mon.uvic.cat\/butlleti-recerca\/2026\/02\/16\/disease-burden-and-treatment-patterns-in-patients-with-hidradenitis-suppurativa-and-concomitant-arthritis-a-multicenter-case-control-study\/\">Read More<\/a><\/p>\n","protected":false},"author":430,"featured_media":0,"comment_status":"open","ping_status":"open","sticky":false,"template":"","format":"standard","meta":{"_price":"","_stock":"","_tribe_ticket_header":"","_tribe_default_ticket_provider":"","_tribe_ticket_capacity":"","_ticket_start_date":"","_ticket_end_date":"","_tribe_ticket_show_description":"","_tribe_ticket_show_not_going":false,"_tribe_ticket_use_global_stock":"","_tribe_ticket_global_stock_level":"","_global_stock_mode":"","_global_stock_cap":"","_tribe_rsvp_for_event":"","_tribe_ticket_going_count":"","_tribe_ticket_not_going_count":"","_tribe_tickets_list":"[]","_tribe_ticket_has_attendee_info_fields":false,"jetpack_post_was_ever_published":false,"_jetpack_newsletter_access":"","_jetpack_dont_email_post_to_subs":false,"_jetpack_newsletter_tier_id":0,"_jetpack_memberships_contains_paywalled_content":false,"_jetpack_memberships_contains_paid_content":false,"footnotes":"","jetpack_publicize_message":"","jetpack_publicize_feature_enabled":true,"jetpack_social_post_already_shared":false,"jetpack_social_options":{"image_generator_settings":{"template":"highway","default_image_id":0,"font":"","enabled":false},"version":2}},"categories":[4],"tags":[],"class_list":["post-28243","post","type-post","status-publish","format-standard","hentry","category-publicacions"],"jetpack_publicize_connections":[],"jetpack_featured_media_url":"","jetpack_sharing_enabled":true,"jetpack_shortlink":"https:\/\/wp.me\/paCdMn-7lx","publishpress_future_action":{"enabled":false,"date":"2026-05-04 17:02:32","action":"change-status","newStatus":"trash","terms":[],"taxonomy":"category","extraData":[]},"publishpress_future_workflow_manual_trigger":{"enabledWorkflows":[]},"_links":{"self":[{"href":"https:\/\/mon.uvic.cat\/butlleti-recerca\/wp-json\/wp\/v2\/posts\/28243","targetHints":{"allow":["GET"]}}],"collection":[{"href":"https:\/\/mon.uvic.cat\/butlleti-recerca\/wp-json\/wp\/v2\/posts"}],"about":[{"href":"https:\/\/mon.uvic.cat\/butlleti-recerca\/wp-json\/wp\/v2\/types\/post"}],"author":[{"embeddable":true,"href":"https:\/\/mon.uvic.cat\/butlleti-recerca\/wp-json\/wp\/v2\/users\/430"}],"replies":[{"embeddable":true,"href":"https:\/\/mon.uvic.cat\/butlleti-recerca\/wp-json\/wp\/v2\/comments?post=28243"}],"version-history":[{"count":1,"href":"https:\/\/mon.uvic.cat\/butlleti-recerca\/wp-json\/wp\/v2\/posts\/28243\/revisions"}],"predecessor-version":[{"id":28244,"href":"https:\/\/mon.uvic.cat\/butlleti-recerca\/wp-json\/wp\/v2\/posts\/28243\/revisions\/28244"}],"wp:attachment":[{"href":"https:\/\/mon.uvic.cat\/butlleti-recerca\/wp-json\/wp\/v2\/media?parent=28243"}],"wp:term":[{"taxonomy":"category","embeddable":true,"href":"https:\/\/mon.uvic.cat\/butlleti-recerca\/wp-json\/wp\/v2\/categories?post=28243"},{"taxonomy":"post_tag","embeddable":true,"href":"https:\/\/mon.uvic.cat\/butlleti-recerca\/wp-json\/wp\/v2\/tags?post=28243"}],"curies":[{"name":"wp","href":"https:\/\/api.w.org\/{rel}","templated":true}]}}