{"id":26614,"date":"2025-09-29T18:05:14","date_gmt":"2025-09-29T16:05:14","guid":{"rendered":"https:\/\/mon.uvic.cat\/butlleti-recerca\/?p=26614"},"modified":"2025-09-29T18:05:14","modified_gmt":"2025-09-29T16:05:14","slug":"lactivitat-traductora-de-manuel-reventos-bordoy-una-restitucio-i-uns-inedits","status":"publish","type":"post","link":"https:\/\/mon.uvic.cat\/butlleti-recerca\/2025\/09\/29\/lactivitat-traductora-de-manuel-reventos-bordoy-una-restitucio-i-uns-inedits\/","title":{"rendered":"L\u2019activitat traductora de Manuel Revent\u00f3s Bordoy. Una restituci\u00f3 i uns in\u00e8dits"},"content":{"rendered":"<ul>\n<li>Revent\u00f3s, L., &amp; Llanas, M. (2025). L\u2019activitat traductora de Manuel Revent\u00f3s Bordoy. Una restituci\u00f3 i uns in\u00e8dits. <em>Quaderns, Revista de Traducci\u00f3<\/em>,32, 155-167. <a href=\"https:\/\/doi.org\/10.5565\/rev\/quaderns.213\">https:\/\/doi.org\/10.5565\/rev\/quaderns.213<\/a><\/li>\n<\/ul>\n","protected":false},"excerpt":{"rendered":"<p>Revent\u00f3s, L., &amp; Llanas, M. (2025). L\u2019activitat traductora de Manuel Revent\u00f3s Bordoy. Una restituci\u00f3 i uns in\u00e8dits. Quaderns, Revista de &hellip; <a href=\"https:\/\/mon.uvic.cat\/butlleti-recerca\/2025\/09\/29\/lactivitat-traductora-de-manuel-reventos-bordoy-una-restitucio-i-uns-inedits\/\">Read More<\/a><\/p>\n","protected":false},"author":430,"featured_media":0,"comment_status":"open","ping_status":"open","sticky":false,"template":"","format":"standard","meta":{"_price":"","_stock":"","_tribe_ticket_header":"","_tribe_default_ticket_provider":"","_tribe_ticket_capacity":"0","_ticket_start_date":"","_ticket_end_date":"","_tribe_ticket_show_description":"","_tribe_ticket_show_not_going":false,"_tribe_ticket_use_global_stock":"","_tribe_ticket_global_stock_level":"","_global_stock_mode":"","_global_stock_cap":"","_tribe_rsvp_for_event":"","_tribe_ticket_going_count":"","_tribe_ticket_not_going_count":"","_tribe_tickets_list":"[]","_tribe_ticket_has_attendee_info_fields":false,"jetpack_post_was_ever_published":false,"_jetpack_newsletter_access":"","_jetpack_dont_email_post_to_subs":false,"_jetpack_newsletter_tier_id":0,"_jetpack_memberships_contains_paywalled_content":false,"_jetpack_memberships_contains_paid_content":false,"footnotes":"","jetpack_publicize_message":"","jetpack_publicize_feature_enabled":true,"jetpack_social_post_already_shared":false,"jetpack_social_options":{"image_generator_settings":{"template":"highway","default_image_id":0,"font":"","enabled":false},"version":2}},"categories":[4],"tags":[],"class_list":["post-26614","post","type-post","status-publish","format-standard","hentry","category-publicacions"],"jetpack_publicize_connections":[],"jetpack_featured_media_url":"","jetpack_sharing_enabled":true,"jetpack_shortlink":"https:\/\/wp.me\/paCdMn-6Vg","publishpress_future_action":{"enabled":false,"date":"2026-05-04 15:17:08","action":"change-status","newStatus":"trash","terms":[],"taxonomy":"category","extraData":[]},"publishpress_future_workflow_manual_trigger":{"enabledWorkflows":[]},"_links":{"self":[{"href":"https:\/\/mon.uvic.cat\/butlleti-recerca\/wp-json\/wp\/v2\/posts\/26614","targetHints":{"allow":["GET"]}}],"collection":[{"href":"https:\/\/mon.uvic.cat\/butlleti-recerca\/wp-json\/wp\/v2\/posts"}],"about":[{"href":"https:\/\/mon.uvic.cat\/butlleti-recerca\/wp-json\/wp\/v2\/types\/post"}],"author":[{"embeddable":true,"href":"https:\/\/mon.uvic.cat\/butlleti-recerca\/wp-json\/wp\/v2\/users\/430"}],"replies":[{"embeddable":true,"href":"https:\/\/mon.uvic.cat\/butlleti-recerca\/wp-json\/wp\/v2\/comments?post=26614"}],"version-history":[{"count":1,"href":"https:\/\/mon.uvic.cat\/butlleti-recerca\/wp-json\/wp\/v2\/posts\/26614\/revisions"}],"predecessor-version":[{"id":26615,"href":"https:\/\/mon.uvic.cat\/butlleti-recerca\/wp-json\/wp\/v2\/posts\/26614\/revisions\/26615"}],"wp:attachment":[{"href":"https:\/\/mon.uvic.cat\/butlleti-recerca\/wp-json\/wp\/v2\/media?parent=26614"}],"wp:term":[{"taxonomy":"category","embeddable":true,"href":"https:\/\/mon.uvic.cat\/butlleti-recerca\/wp-json\/wp\/v2\/categories?post=26614"},{"taxonomy":"post_tag","embeddable":true,"href":"https:\/\/mon.uvic.cat\/butlleti-recerca\/wp-json\/wp\/v2\/tags?post=26614"}],"curies":[{"name":"wp","href":"https:\/\/api.w.org\/{rel}","templated":true}]}}