{"id":26548,"date":"2025-09-22T19:23:49","date_gmt":"2025-09-22T17:23:49","guid":{"rendered":"https:\/\/mon.uvic.cat\/butlleti-recerca\/?p=26548"},"modified":"2025-09-22T19:23:49","modified_gmt":"2025-09-22T17:23:49","slug":"prognostic-factors-for-multiple-sclerosis-symptoms-in-radiologically-isolated-syndrome","status":"publish","type":"post","link":"https:\/\/mon.uvic.cat\/butlleti-recerca\/2025\/09\/22\/prognostic-factors-for-multiple-sclerosis-symptoms-in-radiologically-isolated-syndrome\/","title":{"rendered":"Prognostic Factors for Multiple Sclerosis Symptoms in Radiologically Isolated Syndrome"},"content":{"rendered":"<ul>\n<li>Fissolo, N., Schaedelin, S., Villar, L. M., L\u00fcnemann, J. D., Correale, J., Rejdak, K., Schwab, N., Vilaseca, A., Held, F., Garc\u00eda-Merino, A., Bittner, S., Trojano, M., Furlan, R., Tumani, H., P\u00e9rez-Miralles, F., Rosenstein, I., Galimberti, D., \u00c1lvarez-Bravo, G., Thouvenot, E., Llufriu, S., \u2026 Tintor\u00e9, M., &#8230; Costa-Frossard, L. (2025). Prognostic Factors for Multiple Sclerosis Symptoms in Radiologically Isolated Syndrome. <em>JAMA Neurology<\/em>. <a href=\"https:\/\/doi.org\/10.1001\/jamaneurol.2025.1481\">https:\/\/doi.org\/10.1001\/jamaneurol.2025.1481<\/a> (En premsa)<\/li>\n<\/ul>\n","protected":false},"excerpt":{"rendered":"<p>Fissolo, N., Schaedelin, S., Villar, L. M., L\u00fcnemann, J. D., Correale, J., Rejdak, K., Schwab, N., Vilaseca, A., Held, F., &hellip; <a href=\"https:\/\/mon.uvic.cat\/butlleti-recerca\/2025\/09\/22\/prognostic-factors-for-multiple-sclerosis-symptoms-in-radiologically-isolated-syndrome\/\">Read More<\/a><\/p>\n","protected":false},"author":430,"featured_media":0,"comment_status":"open","ping_status":"open","sticky":false,"template":"","format":"standard","meta":{"_price":"","_stock":"","_tribe_ticket_header":"","_tribe_default_ticket_provider":"","_tribe_ticket_capacity":"0","_ticket_start_date":"","_ticket_end_date":"","_tribe_ticket_show_description":"","_tribe_ticket_show_not_going":false,"_tribe_ticket_use_global_stock":"","_tribe_ticket_global_stock_level":"","_global_stock_mode":"","_global_stock_cap":"","_tribe_rsvp_for_event":"","_tribe_ticket_going_count":"","_tribe_ticket_not_going_count":"","_tribe_tickets_list":"[]","_tribe_ticket_has_attendee_info_fields":false,"jetpack_post_was_ever_published":false,"_jetpack_newsletter_access":"","_jetpack_dont_email_post_to_subs":false,"_jetpack_newsletter_tier_id":0,"_jetpack_memberships_contains_paywalled_content":false,"_jetpack_memberships_contains_paid_content":false,"footnotes":"","jetpack_publicize_message":"","jetpack_publicize_feature_enabled":true,"jetpack_social_post_already_shared":false,"jetpack_social_options":{"image_generator_settings":{"template":"highway","default_image_id":0,"font":"","enabled":false},"version":2}},"categories":[4],"tags":[],"class_list":["post-26548","post","type-post","status-publish","format-standard","hentry","category-publicacions"],"jetpack_publicize_connections":[],"jetpack_featured_media_url":"","jetpack_sharing_enabled":true,"jetpack_shortlink":"https:\/\/wp.me\/paCdMn-6Uc","publishpress_future_action":{"enabled":false,"date":"2026-05-04 16:54:04","action":"change-status","newStatus":"trash","terms":[],"taxonomy":"category","extraData":[]},"publishpress_future_workflow_manual_trigger":{"enabledWorkflows":[]},"_links":{"self":[{"href":"https:\/\/mon.uvic.cat\/butlleti-recerca\/wp-json\/wp\/v2\/posts\/26548","targetHints":{"allow":["GET"]}}],"collection":[{"href":"https:\/\/mon.uvic.cat\/butlleti-recerca\/wp-json\/wp\/v2\/posts"}],"about":[{"href":"https:\/\/mon.uvic.cat\/butlleti-recerca\/wp-json\/wp\/v2\/types\/post"}],"author":[{"embeddable":true,"href":"https:\/\/mon.uvic.cat\/butlleti-recerca\/wp-json\/wp\/v2\/users\/430"}],"replies":[{"embeddable":true,"href":"https:\/\/mon.uvic.cat\/butlleti-recerca\/wp-json\/wp\/v2\/comments?post=26548"}],"version-history":[{"count":1,"href":"https:\/\/mon.uvic.cat\/butlleti-recerca\/wp-json\/wp\/v2\/posts\/26548\/revisions"}],"predecessor-version":[{"id":26549,"href":"https:\/\/mon.uvic.cat\/butlleti-recerca\/wp-json\/wp\/v2\/posts\/26548\/revisions\/26549"}],"wp:attachment":[{"href":"https:\/\/mon.uvic.cat\/butlleti-recerca\/wp-json\/wp\/v2\/media?parent=26548"}],"wp:term":[{"taxonomy":"category","embeddable":true,"href":"https:\/\/mon.uvic.cat\/butlleti-recerca\/wp-json\/wp\/v2\/categories?post=26548"},{"taxonomy":"post_tag","embeddable":true,"href":"https:\/\/mon.uvic.cat\/butlleti-recerca\/wp-json\/wp\/v2\/tags?post=26548"}],"curies":[{"name":"wp","href":"https:\/\/api.w.org\/{rel}","templated":true}]}}