{"id":26461,"date":"2025-09-15T18:45:06","date_gmt":"2025-09-15T16:45:06","guid":{"rendered":"https:\/\/mon.uvic.cat\/butlleti-recerca\/?p=26461"},"modified":"2025-09-15T18:45:06","modified_gmt":"2025-09-15T16:45:06","slug":"diferencias-en-el-perfil-clinico-entre-hombres-y-mujeres-con-apneas-obstructivas-del-sueno","status":"publish","type":"post","link":"https:\/\/mon.uvic.cat\/butlleti-recerca\/2025\/09\/15\/diferencias-en-el-perfil-clinico-entre-hombres-y-mujeres-con-apneas-obstructivas-del-sueno\/","title":{"rendered":"Diferencias en el perfil cl\u00ednico entre hombres y mujeres con apneas obstructivas del sue\u00f1o"},"content":{"rendered":"<ul>\n<li>Roger-Casals, N., Mu\u00f1oz-Fern\u00e1ndez, A. M., &amp; Mu\u00f1oz-Pindado, C. (2025). Diferencias en el perfil cl\u00ednico entre hombres y mujeres con apneas obstructivas del sue\u00f1o. <em>Medicina Cl\u00ednica<\/em>, 165(1), 106975. <a href=\"https:\/\/doi.org\/10.1016\/j.medcli.2025.106975\">https:\/\/doi.org\/10.1016\/j.medcli.2025.106975<\/a> (Letter)<\/li>\n<\/ul>\n","protected":false},"excerpt":{"rendered":"<p>Roger-Casals, N., Mu\u00f1oz-Fern\u00e1ndez, A. M., &amp; Mu\u00f1oz-Pindado, C. (2025). Diferencias en el perfil cl\u00ednico entre hombres y mujeres con apneas &hellip; <a href=\"https:\/\/mon.uvic.cat\/butlleti-recerca\/2025\/09\/15\/diferencias-en-el-perfil-clinico-entre-hombres-y-mujeres-con-apneas-obstructivas-del-sueno\/\">Read More<\/a><\/p>\n","protected":false},"author":430,"featured_media":0,"comment_status":"open","ping_status":"open","sticky":false,"template":"","format":"standard","meta":{"_price":"","_stock":"","_tribe_ticket_header":"","_tribe_default_ticket_provider":"","_tribe_ticket_capacity":"0","_ticket_start_date":"","_ticket_end_date":"","_tribe_ticket_show_description":"","_tribe_ticket_show_not_going":false,"_tribe_ticket_use_global_stock":"","_tribe_ticket_global_stock_level":"","_global_stock_mode":"","_global_stock_cap":"","_tribe_rsvp_for_event":"","_tribe_ticket_going_count":"","_tribe_ticket_not_going_count":"","_tribe_tickets_list":"[]","_tribe_ticket_has_attendee_info_fields":false,"jetpack_post_was_ever_published":false,"_jetpack_newsletter_access":"","_jetpack_dont_email_post_to_subs":false,"_jetpack_newsletter_tier_id":0,"_jetpack_memberships_contains_paywalled_content":false,"_jetpack_memberships_contains_paid_content":false,"footnotes":"","jetpack_publicize_message":"","jetpack_publicize_feature_enabled":true,"jetpack_social_post_already_shared":false,"jetpack_social_options":{"image_generator_settings":{"template":"highway","default_image_id":0,"font":"","enabled":false},"version":2}},"categories":[4],"tags":[],"class_list":["post-26461","post","type-post","status-publish","format-standard","hentry","category-publicacions"],"jetpack_publicize_connections":[],"jetpack_featured_media_url":"","jetpack_sharing_enabled":true,"jetpack_shortlink":"https:\/\/wp.me\/paCdMn-6SN","publishpress_future_action":{"enabled":false,"date":"2026-05-04 18:22:33","action":"change-status","newStatus":"trash","terms":[],"taxonomy":"category","extraData":[]},"publishpress_future_workflow_manual_trigger":{"enabledWorkflows":[]},"_links":{"self":[{"href":"https:\/\/mon.uvic.cat\/butlleti-recerca\/wp-json\/wp\/v2\/posts\/26461","targetHints":{"allow":["GET"]}}],"collection":[{"href":"https:\/\/mon.uvic.cat\/butlleti-recerca\/wp-json\/wp\/v2\/posts"}],"about":[{"href":"https:\/\/mon.uvic.cat\/butlleti-recerca\/wp-json\/wp\/v2\/types\/post"}],"author":[{"embeddable":true,"href":"https:\/\/mon.uvic.cat\/butlleti-recerca\/wp-json\/wp\/v2\/users\/430"}],"replies":[{"embeddable":true,"href":"https:\/\/mon.uvic.cat\/butlleti-recerca\/wp-json\/wp\/v2\/comments?post=26461"}],"version-history":[{"count":1,"href":"https:\/\/mon.uvic.cat\/butlleti-recerca\/wp-json\/wp\/v2\/posts\/26461\/revisions"}],"predecessor-version":[{"id":26462,"href":"https:\/\/mon.uvic.cat\/butlleti-recerca\/wp-json\/wp\/v2\/posts\/26461\/revisions\/26462"}],"wp:attachment":[{"href":"https:\/\/mon.uvic.cat\/butlleti-recerca\/wp-json\/wp\/v2\/media?parent=26461"}],"wp:term":[{"taxonomy":"category","embeddable":true,"href":"https:\/\/mon.uvic.cat\/butlleti-recerca\/wp-json\/wp\/v2\/categories?post=26461"},{"taxonomy":"post_tag","embeddable":true,"href":"https:\/\/mon.uvic.cat\/butlleti-recerca\/wp-json\/wp\/v2\/tags?post=26461"}],"curies":[{"name":"wp","href":"https:\/\/api.w.org\/{rel}","templated":true}]}}