{"id":26239,"date":"2025-09-08T18:45:49","date_gmt":"2025-09-08T16:45:49","guid":{"rendered":"https:\/\/mon.uvic.cat\/butlleti-recerca\/?p=26239"},"modified":"2025-09-08T18:45:49","modified_gmt":"2025-09-08T16:45:49","slug":"asociacion-entre-la-metilacion-del-adn-en-loci-relacionados-con-el-tabaco-y-mortalidad-en-pacientes-con-enfermedad-arterial-periferica","status":"publish","type":"post","link":"https:\/\/mon.uvic.cat\/butlleti-recerca\/2025\/09\/08\/asociacion-entre-la-metilacion-del-adn-en-loci-relacionados-con-el-tabaco-y-mortalidad-en-pacientes-con-enfermedad-arterial-periferica\/","title":{"rendered":"Asociaci\u00f3n entre la metilaci\u00f3n del ADN en loci relacionados con el tabaco y mortalidad en pacientes con enfermedad arterial perif\u00e9rica"},"content":{"rendered":"<ul>\n<li>Marcos-Garc\u00eda, L., Clar\u00e0, A., P\u00e9rez-Cabez\u00f3n, S., Miralles-Hern\u00e1ndez, M., Elosua, R., &amp; Velescu, A. (2025).\u00a0 Asociaci\u00f3n entre la metilaci\u00f3n del ADN en loci relacionados con el tabaco y mortalidad en pacientes con enfermedad arterial perif\u00e9rica. <em>Revista Espa\u00f1ola de Cardiolog\u00eda<\/em>. <a href=\"https:\/\/doi.org\/10.1016\/j.recesp.2025.02.024\">https:\/\/doi.org\/10.1016\/j.recesp.2025.02.024<\/a> (En premsa)<\/li>\n<\/ul>\n","protected":false},"excerpt":{"rendered":"<p>Marcos-Garc\u00eda, L., Clar\u00e0, A., P\u00e9rez-Cabez\u00f3n, S., Miralles-Hern\u00e1ndez, M., Elosua, R., &amp; Velescu, A. (2025).\u00a0 Asociaci\u00f3n entre la metilaci\u00f3n del ADN &hellip; <a href=\"https:\/\/mon.uvic.cat\/butlleti-recerca\/2025\/09\/08\/asociacion-entre-la-metilacion-del-adn-en-loci-relacionados-con-el-tabaco-y-mortalidad-en-pacientes-con-enfermedad-arterial-periferica\/\">Read More<\/a><\/p>\n","protected":false},"author":430,"featured_media":0,"comment_status":"open","ping_status":"open","sticky":false,"template":"","format":"standard","meta":{"_price":"","_stock":"","_tribe_ticket_header":"","_tribe_default_ticket_provider":"","_tribe_ticket_capacity":"0","_ticket_start_date":"","_ticket_end_date":"","_tribe_ticket_show_description":"","_tribe_ticket_show_not_going":false,"_tribe_ticket_use_global_stock":"","_tribe_ticket_global_stock_level":"","_global_stock_mode":"","_global_stock_cap":"","_tribe_rsvp_for_event":"","_tribe_ticket_going_count":"","_tribe_ticket_not_going_count":"","_tribe_tickets_list":"[]","_tribe_ticket_has_attendee_info_fields":false,"jetpack_post_was_ever_published":false,"_jetpack_newsletter_access":"","_jetpack_dont_email_post_to_subs":false,"_jetpack_newsletter_tier_id":0,"_jetpack_memberships_contains_paywalled_content":false,"_jetpack_memberships_contains_paid_content":false,"footnotes":"","jetpack_publicize_message":"","jetpack_publicize_feature_enabled":true,"jetpack_social_post_already_shared":false,"jetpack_social_options":{"image_generator_settings":{"template":"highway","default_image_id":0,"font":"","enabled":false},"version":2}},"categories":[4],"tags":[],"class_list":["post-26239","post","type-post","status-publish","format-standard","hentry","category-publicacions"],"jetpack_publicize_connections":[],"jetpack_featured_media_url":"","jetpack_sharing_enabled":true,"jetpack_shortlink":"https:\/\/wp.me\/paCdMn-6Pd","publishpress_future_action":{"enabled":false,"date":"2026-05-04 18:21:29","action":"change-status","newStatus":"trash","terms":[],"taxonomy":"category","extraData":[]},"publishpress_future_workflow_manual_trigger":{"enabledWorkflows":[]},"_links":{"self":[{"href":"https:\/\/mon.uvic.cat\/butlleti-recerca\/wp-json\/wp\/v2\/posts\/26239","targetHints":{"allow":["GET"]}}],"collection":[{"href":"https:\/\/mon.uvic.cat\/butlleti-recerca\/wp-json\/wp\/v2\/posts"}],"about":[{"href":"https:\/\/mon.uvic.cat\/butlleti-recerca\/wp-json\/wp\/v2\/types\/post"}],"author":[{"embeddable":true,"href":"https:\/\/mon.uvic.cat\/butlleti-recerca\/wp-json\/wp\/v2\/users\/430"}],"replies":[{"embeddable":true,"href":"https:\/\/mon.uvic.cat\/butlleti-recerca\/wp-json\/wp\/v2\/comments?post=26239"}],"version-history":[{"count":1,"href":"https:\/\/mon.uvic.cat\/butlleti-recerca\/wp-json\/wp\/v2\/posts\/26239\/revisions"}],"predecessor-version":[{"id":26240,"href":"https:\/\/mon.uvic.cat\/butlleti-recerca\/wp-json\/wp\/v2\/posts\/26239\/revisions\/26240"}],"wp:attachment":[{"href":"https:\/\/mon.uvic.cat\/butlleti-recerca\/wp-json\/wp\/v2\/media?parent=26239"}],"wp:term":[{"taxonomy":"category","embeddable":true,"href":"https:\/\/mon.uvic.cat\/butlleti-recerca\/wp-json\/wp\/v2\/categories?post=26239"},{"taxonomy":"post_tag","embeddable":true,"href":"https:\/\/mon.uvic.cat\/butlleti-recerca\/wp-json\/wp\/v2\/tags?post=26239"}],"curies":[{"name":"wp","href":"https:\/\/api.w.org\/{rel}","templated":true}]}}