{"id":25806,"date":"2025-06-16T18:05:37","date_gmt":"2025-06-16T16:05:37","guid":{"rendered":"https:\/\/mon.uvic.cat\/butlleti-recerca\/?p=25806"},"modified":"2025-06-16T18:11:52","modified_gmt":"2025-06-16T16:11:52","slug":"analisis-cuantitativo-de-las-competencias-de-comunicacion-y-seguridad-del-paciente-incluidas-en-un-programa-de-simulacion-clinica-del-grado-de-medicina","status":"publish","type":"post","link":"https:\/\/mon.uvic.cat\/butlleti-recerca\/2025\/06\/16\/analisis-cuantitativo-de-las-competencias-de-comunicacion-y-seguridad-del-paciente-incluidas-en-un-programa-de-simulacion-clinica-del-grado-de-medicina\/","title":{"rendered":"An\u00e1lisis cuantitativo de las competencias de comunicaci\u00f3n y seguridad del paciente incluidas en un programa de simulaci\u00f3n cl\u00ednica del grado de Medicina"},"content":{"rendered":"<ul>\n<li>Mart\u00ednez-Garc\u00eda, M., Gonzalez-Caminal, G., &amp; Gomar-Sancho, C. (2025). An\u00e1lisis cuantitativo de las competencias de comunicaci\u00f3n y seguridad del paciente incluidas en un programa de simulaci\u00f3n cl\u00ednica del grado de Medicina. <em>Educaci\u00f3n M\u00e9dica<\/em>, 26(4). <a href=\"https:\/\/doi.org\/10.1016\/j.edumed.2025.101041\">https:\/\/doi.org\/10.1016\/j.edumed.2025.101041<\/a><\/li>\n<\/ul>\n","protected":false},"excerpt":{"rendered":"<p>Mart\u00ednez-Garc\u00eda, M., Gonzalez-Caminal, G., &amp; Gomar-Sancho, C. (2025). An\u00e1lisis cuantitativo de las competencias de comunicaci\u00f3n y seguridad del paciente incluidas &hellip; <a href=\"https:\/\/mon.uvic.cat\/butlleti-recerca\/2025\/06\/16\/analisis-cuantitativo-de-las-competencias-de-comunicacion-y-seguridad-del-paciente-incluidas-en-un-programa-de-simulacion-clinica-del-grado-de-medicina\/\">Read More<\/a><\/p>\n","protected":false},"author":430,"featured_media":0,"comment_status":"open","ping_status":"open","sticky":false,"template":"","format":"standard","meta":{"_price":"","_stock":"","_tribe_ticket_header":"","_tribe_default_ticket_provider":"","_tribe_ticket_capacity":"0","_ticket_start_date":"","_ticket_end_date":"","_tribe_ticket_show_description":"","_tribe_ticket_show_not_going":false,"_tribe_ticket_use_global_stock":"","_tribe_ticket_global_stock_level":"","_global_stock_mode":"","_global_stock_cap":"","_tribe_rsvp_for_event":"","_tribe_ticket_going_count":"","_tribe_ticket_not_going_count":"","_tribe_tickets_list":"[]","_tribe_ticket_has_attendee_info_fields":false,"jetpack_post_was_ever_published":false,"_jetpack_newsletter_access":"","_jetpack_dont_email_post_to_subs":false,"_jetpack_newsletter_tier_id":0,"_jetpack_memberships_contains_paywalled_content":false,"_jetpack_memberships_contains_paid_content":false,"footnotes":"","jetpack_publicize_message":"","jetpack_publicize_feature_enabled":true,"jetpack_social_post_already_shared":false,"jetpack_social_options":{"image_generator_settings":{"template":"highway","default_image_id":0,"font":"","enabled":false},"version":2}},"categories":[4],"tags":[],"class_list":["post-25806","post","type-post","status-publish","format-standard","hentry","category-publicacions"],"jetpack_publicize_connections":[],"jetpack_featured_media_url":"","jetpack_sharing_enabled":true,"jetpack_shortlink":"https:\/\/wp.me\/paCdMn-6Ie","publishpress_future_action":{"enabled":false,"date":"2026-05-04 18:24:01","action":"change-status","newStatus":"trash","terms":[],"taxonomy":"category","extraData":[]},"publishpress_future_workflow_manual_trigger":{"enabledWorkflows":[]},"_links":{"self":[{"href":"https:\/\/mon.uvic.cat\/butlleti-recerca\/wp-json\/wp\/v2\/posts\/25806","targetHints":{"allow":["GET"]}}],"collection":[{"href":"https:\/\/mon.uvic.cat\/butlleti-recerca\/wp-json\/wp\/v2\/posts"}],"about":[{"href":"https:\/\/mon.uvic.cat\/butlleti-recerca\/wp-json\/wp\/v2\/types\/post"}],"author":[{"embeddable":true,"href":"https:\/\/mon.uvic.cat\/butlleti-recerca\/wp-json\/wp\/v2\/users\/430"}],"replies":[{"embeddable":true,"href":"https:\/\/mon.uvic.cat\/butlleti-recerca\/wp-json\/wp\/v2\/comments?post=25806"}],"version-history":[{"count":1,"href":"https:\/\/mon.uvic.cat\/butlleti-recerca\/wp-json\/wp\/v2\/posts\/25806\/revisions"}],"predecessor-version":[{"id":25807,"href":"https:\/\/mon.uvic.cat\/butlleti-recerca\/wp-json\/wp\/v2\/posts\/25806\/revisions\/25807"}],"wp:attachment":[{"href":"https:\/\/mon.uvic.cat\/butlleti-recerca\/wp-json\/wp\/v2\/media?parent=25806"}],"wp:term":[{"taxonomy":"category","embeddable":true,"href":"https:\/\/mon.uvic.cat\/butlleti-recerca\/wp-json\/wp\/v2\/categories?post=25806"},{"taxonomy":"post_tag","embeddable":true,"href":"https:\/\/mon.uvic.cat\/butlleti-recerca\/wp-json\/wp\/v2\/tags?post=25806"}],"curies":[{"name":"wp","href":"https:\/\/api.w.org\/{rel}","templated":true}]}}