{"id":24932,"date":"2025-04-29T07:51:02","date_gmt":"2025-04-29T05:51:02","guid":{"rendered":"https:\/\/mon.uvic.cat\/butlleti-recerca\/?p=24932"},"modified":"2025-04-29T07:51:02","modified_gmt":"2025-04-29T05:51:02","slug":"atencion-inicial-del-codigo-infarto-en-los-equipos-de-atencion-primaria-de-la-cataluna-central-efectividad-de-un-programa-formativo-y-de-un-listado-de-verificacion-en-los-tiempos-de-asistencia","status":"publish","type":"post","link":"https:\/\/mon.uvic.cat\/butlleti-recerca\/2025\/04\/29\/atencion-inicial-del-codigo-infarto-en-los-equipos-de-atencion-primaria-de-la-cataluna-central-efectividad-de-un-programa-formativo-y-de-un-listado-de-verificacion-en-los-tiempos-de-asistencia\/","title":{"rendered":"Atenci\u00f3n inicial del c\u00f3digo infarto en los equipos de atenci\u00f3n primaria de la Catalu\u00f1a Central: efectividad de un programa formativo y de un listado de verificaci\u00f3n en los tiempos de asistencia"},"content":{"rendered":"<ul>\n<li>Cartanya-Bonvehi, J., S\u00e1nchez-Freire, E., Soto Ejarque, J. M., Mendioroz, J. (2025). Atenci\u00f3n inicial del c\u00f3digo infarto en los equipos de atenci\u00f3n primaria de la Catalu\u00f1a Central: efectividad de un programa formativo y de un listado de verificaci\u00f3n en los tiempos de asistencia. <em>Atenci\u00f3n Primaria<\/em>, 57(7). <a href=\"https:\/\/doi.org\/10.1016\/j.aprim.2025.103221\">https:\/\/doi.org\/10.1016\/j.aprim.2025.103221<\/a>. Editorial<\/li>\n<\/ul>\n","protected":false},"excerpt":{"rendered":"<p>Cartanya-Bonvehi, J., S\u00e1nchez-Freire, E., Soto Ejarque, J. M., Mendioroz, J. (2025). Atenci\u00f3n inicial del c\u00f3digo infarto en los equipos de &hellip; <a href=\"https:\/\/mon.uvic.cat\/butlleti-recerca\/2025\/04\/29\/atencion-inicial-del-codigo-infarto-en-los-equipos-de-atencion-primaria-de-la-cataluna-central-efectividad-de-un-programa-formativo-y-de-un-listado-de-verificacion-en-los-tiempos-de-asistencia\/\">Read More<\/a><\/p>\n","protected":false},"author":430,"featured_media":0,"comment_status":"open","ping_status":"open","sticky":false,"template":"","format":"standard","meta":{"_price":"","_stock":"","_tribe_ticket_header":"","_tribe_default_ticket_provider":"","_tribe_ticket_capacity":"0","_ticket_start_date":"","_ticket_end_date":"","_tribe_ticket_show_description":"","_tribe_ticket_show_not_going":false,"_tribe_ticket_use_global_stock":"","_tribe_ticket_global_stock_level":"","_global_stock_mode":"","_global_stock_cap":"","_tribe_rsvp_for_event":"","_tribe_ticket_going_count":"","_tribe_ticket_not_going_count":"","_tribe_tickets_list":"[]","_tribe_ticket_has_attendee_info_fields":false,"jetpack_post_was_ever_published":false,"_jetpack_newsletter_access":"","_jetpack_dont_email_post_to_subs":false,"_jetpack_newsletter_tier_id":0,"_jetpack_memberships_contains_paywalled_content":false,"_jetpack_memberships_contains_paid_content":false,"footnotes":"","jetpack_publicize_message":"","jetpack_publicize_feature_enabled":true,"jetpack_social_post_already_shared":false,"jetpack_social_options":{"image_generator_settings":{"template":"highway","default_image_id":0,"font":"","enabled":false},"version":2}},"categories":[4],"tags":[],"class_list":["post-24932","post","type-post","status-publish","format-standard","hentry","category-publicacions"],"jetpack_publicize_connections":[],"jetpack_featured_media_url":"","jetpack_sharing_enabled":true,"jetpack_shortlink":"https:\/\/wp.me\/paCdMn-6u8","publishpress_future_action":{"enabled":false,"date":"2026-05-04 15:36:50","action":"change-status","newStatus":"trash","terms":[],"taxonomy":"category","extraData":[]},"publishpress_future_workflow_manual_trigger":{"enabledWorkflows":[]},"_links":{"self":[{"href":"https:\/\/mon.uvic.cat\/butlleti-recerca\/wp-json\/wp\/v2\/posts\/24932","targetHints":{"allow":["GET"]}}],"collection":[{"href":"https:\/\/mon.uvic.cat\/butlleti-recerca\/wp-json\/wp\/v2\/posts"}],"about":[{"href":"https:\/\/mon.uvic.cat\/butlleti-recerca\/wp-json\/wp\/v2\/types\/post"}],"author":[{"embeddable":true,"href":"https:\/\/mon.uvic.cat\/butlleti-recerca\/wp-json\/wp\/v2\/users\/430"}],"replies":[{"embeddable":true,"href":"https:\/\/mon.uvic.cat\/butlleti-recerca\/wp-json\/wp\/v2\/comments?post=24932"}],"version-history":[{"count":1,"href":"https:\/\/mon.uvic.cat\/butlleti-recerca\/wp-json\/wp\/v2\/posts\/24932\/revisions"}],"predecessor-version":[{"id":24933,"href":"https:\/\/mon.uvic.cat\/butlleti-recerca\/wp-json\/wp\/v2\/posts\/24932\/revisions\/24933"}],"wp:attachment":[{"href":"https:\/\/mon.uvic.cat\/butlleti-recerca\/wp-json\/wp\/v2\/media?parent=24932"}],"wp:term":[{"taxonomy":"category","embeddable":true,"href":"https:\/\/mon.uvic.cat\/butlleti-recerca\/wp-json\/wp\/v2\/categories?post=24932"},{"taxonomy":"post_tag","embeddable":true,"href":"https:\/\/mon.uvic.cat\/butlleti-recerca\/wp-json\/wp\/v2\/tags?post=24932"}],"curies":[{"name":"wp","href":"https:\/\/api.w.org\/{rel}","templated":true}]}}