{"id":24822,"date":"2025-04-14T16:37:19","date_gmt":"2025-04-14T14:37:19","guid":{"rendered":"https:\/\/mon.uvic.cat\/butlleti-recerca\/?p=24822"},"modified":"2025-04-14T16:37:19","modified_gmt":"2025-04-14T14:37:19","slug":"preclinical-data-and-design-of-a-phase-i-clinical-trial-of-neoantigen-reactive-tils-for-advanced-epithelial-or-icb-resistant-solid-cancers","status":"publish","type":"post","link":"https:\/\/mon.uvic.cat\/butlleti-recerca\/2025\/04\/14\/preclinical-data-and-design-of-a-phase-i-clinical-trial-of-neoantigen-reactive-tils-for-advanced-epithelial-or-icb-resistant-solid-cancers\/","title":{"rendered":"Preclinical data and design of a phase I clinical trial of neoantigen-reactive TILs for advanced epithelial or ICB-resistant solid cancers"},"content":{"rendered":"<ul>\n<li>Palomero, J., Galvao, V., Creus, I., Lostes, J., Aylagas, M., Mar\u00edn-Bayo, A., Rotx\u00e9s, M., Sanz, M., Lozano-Rabella, M., Garcia-Garijo, A., Yuste-Estevanez, A., Grases, D., D\u00edaz-G\u00f3mez, J., Gonz\u00e1lez, J., Navarro, J. F., Gartner, J. J., Bra\u00f1a, I., Villalobos, X., Bay\u00f3-Puxan, N., \u2026 Tabernero, J., &#8230; Garralda, E. (2025). Preclinical data and design of a phase I clinical trial of neoantigen-reactive TILs for advanced epithelial or ICB-resistant solid cancers. <em>Immuno-Oncology and Technology,<\/em> 25. <a href=\"https:\/\/doi.org\/10.1016\/j.iotech.2024.101030\">https:\/\/doi.org\/10.1016\/j.iotech.2024.101030<\/a><\/li>\n<\/ul>\n","protected":false},"excerpt":{"rendered":"<p>Palomero, J., Galvao, V., Creus, I., Lostes, J., Aylagas, M., Mar\u00edn-Bayo, A., Rotx\u00e9s, M., Sanz, M., Lozano-Rabella, M., Garcia-Garijo, A., &hellip; <a href=\"https:\/\/mon.uvic.cat\/butlleti-recerca\/2025\/04\/14\/preclinical-data-and-design-of-a-phase-i-clinical-trial-of-neoantigen-reactive-tils-for-advanced-epithelial-or-icb-resistant-solid-cancers\/\">Read More<\/a><\/p>\n","protected":false},"author":430,"featured_media":0,"comment_status":"open","ping_status":"open","sticky":false,"template":"","format":"standard","meta":{"_price":"","_stock":"","_tribe_ticket_header":"","_tribe_default_ticket_provider":"","_tribe_ticket_capacity":"0","_ticket_start_date":"","_ticket_end_date":"","_tribe_ticket_show_description":"","_tribe_ticket_show_not_going":false,"_tribe_ticket_use_global_stock":"","_tribe_ticket_global_stock_level":"","_global_stock_mode":"","_global_stock_cap":"","_tribe_rsvp_for_event":"","_tribe_ticket_going_count":"","_tribe_ticket_not_going_count":"","_tribe_tickets_list":"[]","_tribe_ticket_has_attendee_info_fields":false,"jetpack_post_was_ever_published":false,"_jetpack_newsletter_access":"","_jetpack_dont_email_post_to_subs":false,"_jetpack_newsletter_tier_id":0,"_jetpack_memberships_contains_paywalled_content":false,"_jetpack_memberships_contains_paid_content":false,"footnotes":"","jetpack_publicize_message":"","jetpack_publicize_feature_enabled":true,"jetpack_social_post_already_shared":false,"jetpack_social_options":{"image_generator_settings":{"template":"highway","default_image_id":0,"font":"","enabled":false},"version":2}},"categories":[4],"tags":[],"class_list":["post-24822","post","type-post","status-publish","format-standard","hentry","category-publicacions"],"jetpack_publicize_connections":[],"jetpack_featured_media_url":"","jetpack_sharing_enabled":true,"jetpack_shortlink":"https:\/\/wp.me\/paCdMn-6sm","publishpress_future_action":{"enabled":false,"date":"2026-05-04 18:23:45","action":"change-status","newStatus":"trash","terms":[],"taxonomy":"category","extraData":[]},"publishpress_future_workflow_manual_trigger":{"enabledWorkflows":[]},"_links":{"self":[{"href":"https:\/\/mon.uvic.cat\/butlleti-recerca\/wp-json\/wp\/v2\/posts\/24822","targetHints":{"allow":["GET"]}}],"collection":[{"href":"https:\/\/mon.uvic.cat\/butlleti-recerca\/wp-json\/wp\/v2\/posts"}],"about":[{"href":"https:\/\/mon.uvic.cat\/butlleti-recerca\/wp-json\/wp\/v2\/types\/post"}],"author":[{"embeddable":true,"href":"https:\/\/mon.uvic.cat\/butlleti-recerca\/wp-json\/wp\/v2\/users\/430"}],"replies":[{"embeddable":true,"href":"https:\/\/mon.uvic.cat\/butlleti-recerca\/wp-json\/wp\/v2\/comments?post=24822"}],"version-history":[{"count":1,"href":"https:\/\/mon.uvic.cat\/butlleti-recerca\/wp-json\/wp\/v2\/posts\/24822\/revisions"}],"predecessor-version":[{"id":24823,"href":"https:\/\/mon.uvic.cat\/butlleti-recerca\/wp-json\/wp\/v2\/posts\/24822\/revisions\/24823"}],"wp:attachment":[{"href":"https:\/\/mon.uvic.cat\/butlleti-recerca\/wp-json\/wp\/v2\/media?parent=24822"}],"wp:term":[{"taxonomy":"category","embeddable":true,"href":"https:\/\/mon.uvic.cat\/butlleti-recerca\/wp-json\/wp\/v2\/categories?post=24822"},{"taxonomy":"post_tag","embeddable":true,"href":"https:\/\/mon.uvic.cat\/butlleti-recerca\/wp-json\/wp\/v2\/tags?post=24822"}],"curies":[{"name":"wp","href":"https:\/\/api.w.org\/{rel}","templated":true}]}}