{"id":24738,"date":"2025-04-07T20:05:22","date_gmt":"2025-04-07T18:05:22","guid":{"rendered":"https:\/\/mon.uvic.cat\/butlleti-recerca\/?p=24738"},"modified":"2025-04-07T20:05:22","modified_gmt":"2025-04-07T18:05:22","slug":"mental-well-being-sexual-orientation-and-interpersonal-stigma-in-cisgender-adolescents-in-catalonia-from-a-gender-and-territorial-perspective","status":"publish","type":"post","link":"https:\/\/mon.uvic.cat\/butlleti-recerca\/2025\/04\/07\/mental-well-being-sexual-orientation-and-interpersonal-stigma-in-cisgender-adolescents-in-catalonia-from-a-gender-and-territorial-perspective\/","title":{"rendered":"Mental Well-Being, Sexual Orientation, and Interpersonal Stigma in Cisgender Adolescents in Catalonia, From a Gender and Territorial Perspective"},"content":{"rendered":"<ul>\n<li>Drou-Roget, G., Bosque-Prous, M., Gonz\u00e1lez-Casals, H., Teixid\u00f3-Compa\u00f1\u00f3, E., Vives-Cases, C., Folch, C.,\u2026Espelt, A. (2025). Mental Well-Being, Sexual Orientation, and Interpersonal Stigma in Cisgender Adolescents in Catalonia, From a Gender and Territorial Perspective. <em>Psychology of sexual orientation and gender diversity<\/em>.<a href=\"https:\/\/doi.org\/10.1037\/sgd0000800\"> https:\/\/doi.org\/10.1037\/sgd0000800 <\/a>(En premsa)<\/li>\n<\/ul>\n","protected":false},"excerpt":{"rendered":"<p>Drou-Roget, G., Bosque-Prous, M., Gonz\u00e1lez-Casals, H., Teixid\u00f3-Compa\u00f1\u00f3, E., Vives-Cases, C., Folch, C.,\u2026Espelt, A. (2025). Mental Well-Being, Sexual Orientation, and Interpersonal &hellip; <a href=\"https:\/\/mon.uvic.cat\/butlleti-recerca\/2025\/04\/07\/mental-well-being-sexual-orientation-and-interpersonal-stigma-in-cisgender-adolescents-in-catalonia-from-a-gender-and-territorial-perspective\/\">Read More<\/a><\/p>\n","protected":false},"author":430,"featured_media":0,"comment_status":"open","ping_status":"open","sticky":false,"template":"","format":"standard","meta":{"_price":"","_stock":"","_tribe_ticket_header":"","_tribe_default_ticket_provider":"","_tribe_ticket_capacity":"0","_ticket_start_date":"","_ticket_end_date":"","_tribe_ticket_show_description":"","_tribe_ticket_show_not_going":false,"_tribe_ticket_use_global_stock":"","_tribe_ticket_global_stock_level":"","_global_stock_mode":"","_global_stock_cap":"","_tribe_rsvp_for_event":"","_tribe_ticket_going_count":"","_tribe_ticket_not_going_count":"","_tribe_tickets_list":"[]","_tribe_ticket_has_attendee_info_fields":false,"jetpack_post_was_ever_published":false,"_jetpack_newsletter_access":"","_jetpack_dont_email_post_to_subs":false,"_jetpack_newsletter_tier_id":0,"_jetpack_memberships_contains_paywalled_content":false,"_jetpack_memberships_contains_paid_content":false,"footnotes":"","jetpack_publicize_message":"","jetpack_publicize_feature_enabled":true,"jetpack_social_post_already_shared":false,"jetpack_social_options":{"image_generator_settings":{"template":"highway","default_image_id":0,"font":"","enabled":false},"version":2}},"categories":[4],"tags":[],"class_list":["post-24738","post","type-post","status-publish","format-standard","hentry","category-publicacions"],"jetpack_publicize_connections":[],"jetpack_featured_media_url":"","jetpack_sharing_enabled":true,"jetpack_shortlink":"https:\/\/wp.me\/paCdMn-6r0","publishpress_future_action":{"enabled":false,"date":"2026-05-04 17:26:14","action":"change-status","newStatus":"trash","terms":[],"taxonomy":"category","extraData":[]},"publishpress_future_workflow_manual_trigger":{"enabledWorkflows":[]},"_links":{"self":[{"href":"https:\/\/mon.uvic.cat\/butlleti-recerca\/wp-json\/wp\/v2\/posts\/24738","targetHints":{"allow":["GET"]}}],"collection":[{"href":"https:\/\/mon.uvic.cat\/butlleti-recerca\/wp-json\/wp\/v2\/posts"}],"about":[{"href":"https:\/\/mon.uvic.cat\/butlleti-recerca\/wp-json\/wp\/v2\/types\/post"}],"author":[{"embeddable":true,"href":"https:\/\/mon.uvic.cat\/butlleti-recerca\/wp-json\/wp\/v2\/users\/430"}],"replies":[{"embeddable":true,"href":"https:\/\/mon.uvic.cat\/butlleti-recerca\/wp-json\/wp\/v2\/comments?post=24738"}],"version-history":[{"count":2,"href":"https:\/\/mon.uvic.cat\/butlleti-recerca\/wp-json\/wp\/v2\/posts\/24738\/revisions"}],"predecessor-version":[{"id":24762,"href":"https:\/\/mon.uvic.cat\/butlleti-recerca\/wp-json\/wp\/v2\/posts\/24738\/revisions\/24762"}],"wp:attachment":[{"href":"https:\/\/mon.uvic.cat\/butlleti-recerca\/wp-json\/wp\/v2\/media?parent=24738"}],"wp:term":[{"taxonomy":"category","embeddable":true,"href":"https:\/\/mon.uvic.cat\/butlleti-recerca\/wp-json\/wp\/v2\/categories?post=24738"},{"taxonomy":"post_tag","embeddable":true,"href":"https:\/\/mon.uvic.cat\/butlleti-recerca\/wp-json\/wp\/v2\/tags?post=24738"}],"curies":[{"name":"wp","href":"https:\/\/api.w.org\/{rel}","templated":true}]}}