{"id":24665,"date":"2025-03-31T19:25:07","date_gmt":"2025-03-31T17:25:07","guid":{"rendered":"https:\/\/mon.uvic.cat\/butlleti-recerca\/?p=24665"},"modified":"2025-03-31T19:25:07","modified_gmt":"2025-03-31T17:25:07","slug":"an-integrated-neuromuscular-training-intervention-applied-in-primary-school-induces-epigenetic-modifications-in-disease-related-genes-a-genome-wide-dna-methylation-study","status":"publish","type":"post","link":"https:\/\/mon.uvic.cat\/butlleti-recerca\/2025\/03\/31\/an-integrated-neuromuscular-training-intervention-applied-in-primary-school-induces-epigenetic-modifications-in-disease-related-genes-a-genome-wide-dna-methylation-study\/","title":{"rendered":"An Integrated Neuromuscular Training Intervention Applied in Primary School Induces Epigenetic Modifications in Disease-Related Genes: A Genome-Wide DNA Methylation Study"},"content":{"rendered":"<ul>\n<li>Vasileva, F., Font-Llad\u00f3, R., L\u00f3pez-Ros, V., Barretina, J., Noguera-Castells, A., Esteller, M., L\u00f3pez-Bermejo, A., &amp; Prats-Puig, A. (2025). An Integrated Neuromuscular Training Intervention Applied in Primary School Induces Epigenetic Modifications in Disease-Related Genes: A Genome-Wide DNA Methylation Study. <em>Scandinavian Journal of Medicine and Science in Sports<\/em>, 35(1). <a href=\"https:\/\/doi.org\/10.1111\/sms.70012\">https:\/\/doi.org\/10.1111\/sms.70012<\/a><\/li>\n<\/ul>\n","protected":false},"excerpt":{"rendered":"<p>Vasileva, F., Font-Llad\u00f3, R., L\u00f3pez-Ros, V., Barretina, J., Noguera-Castells, A., Esteller, M., L\u00f3pez-Bermejo, A., &amp; Prats-Puig, A. (2025). An Integrated &hellip; <a href=\"https:\/\/mon.uvic.cat\/butlleti-recerca\/2025\/03\/31\/an-integrated-neuromuscular-training-intervention-applied-in-primary-school-induces-epigenetic-modifications-in-disease-related-genes-a-genome-wide-dna-methylation-study\/\">Read More<\/a><\/p>\n","protected":false},"author":430,"featured_media":0,"comment_status":"open","ping_status":"open","sticky":false,"template":"","format":"standard","meta":{"_price":"","_stock":"","_tribe_ticket_header":"","_tribe_default_ticket_provider":"","_tribe_ticket_capacity":"0","_ticket_start_date":"","_ticket_end_date":"","_tribe_ticket_show_description":"","_tribe_ticket_show_not_going":false,"_tribe_ticket_use_global_stock":"","_tribe_ticket_global_stock_level":"","_global_stock_mode":"","_global_stock_cap":"","_tribe_rsvp_for_event":"","_tribe_ticket_going_count":"","_tribe_ticket_not_going_count":"","_tribe_tickets_list":"[]","_tribe_ticket_has_attendee_info_fields":false,"jetpack_post_was_ever_published":false,"_jetpack_newsletter_access":"","_jetpack_dont_email_post_to_subs":false,"_jetpack_newsletter_tier_id":0,"_jetpack_memberships_contains_paywalled_content":false,"_jetpack_memberships_contains_paid_content":false,"footnotes":"","jetpack_publicize_message":"","jetpack_publicize_feature_enabled":true,"jetpack_social_post_already_shared":false,"jetpack_social_options":{"image_generator_settings":{"template":"highway","default_image_id":0,"font":"","enabled":false},"version":2}},"categories":[4],"tags":[],"class_list":["post-24665","post","type-post","status-publish","format-standard","hentry","category-publicacions"],"jetpack_publicize_connections":[],"jetpack_featured_media_url":"","jetpack_sharing_enabled":true,"jetpack_shortlink":"https:\/\/wp.me\/paCdMn-6pP","publishpress_future_action":{"enabled":false,"date":"2026-05-04 16:55:04","action":"change-status","newStatus":"trash","terms":[],"taxonomy":"category","extraData":[]},"publishpress_future_workflow_manual_trigger":{"enabledWorkflows":[]},"_links":{"self":[{"href":"https:\/\/mon.uvic.cat\/butlleti-recerca\/wp-json\/wp\/v2\/posts\/24665","targetHints":{"allow":["GET"]}}],"collection":[{"href":"https:\/\/mon.uvic.cat\/butlleti-recerca\/wp-json\/wp\/v2\/posts"}],"about":[{"href":"https:\/\/mon.uvic.cat\/butlleti-recerca\/wp-json\/wp\/v2\/types\/post"}],"author":[{"embeddable":true,"href":"https:\/\/mon.uvic.cat\/butlleti-recerca\/wp-json\/wp\/v2\/users\/430"}],"replies":[{"embeddable":true,"href":"https:\/\/mon.uvic.cat\/butlleti-recerca\/wp-json\/wp\/v2\/comments?post=24665"}],"version-history":[{"count":1,"href":"https:\/\/mon.uvic.cat\/butlleti-recerca\/wp-json\/wp\/v2\/posts\/24665\/revisions"}],"predecessor-version":[{"id":24666,"href":"https:\/\/mon.uvic.cat\/butlleti-recerca\/wp-json\/wp\/v2\/posts\/24665\/revisions\/24666"}],"wp:attachment":[{"href":"https:\/\/mon.uvic.cat\/butlleti-recerca\/wp-json\/wp\/v2\/media?parent=24665"}],"wp:term":[{"taxonomy":"category","embeddable":true,"href":"https:\/\/mon.uvic.cat\/butlleti-recerca\/wp-json\/wp\/v2\/categories?post=24665"},{"taxonomy":"post_tag","embeddable":true,"href":"https:\/\/mon.uvic.cat\/butlleti-recerca\/wp-json\/wp\/v2\/tags?post=24665"}],"curies":[{"name":"wp","href":"https:\/\/api.w.org\/{rel}","templated":true}]}}