{"id":24024,"date":"2025-02-24T17:24:01","date_gmt":"2025-02-24T15:24:01","guid":{"rendered":"https:\/\/mon.uvic.cat\/butlleti-recerca\/?p=24024"},"modified":"2025-02-24T17:24:01","modified_gmt":"2025-02-24T15:24:01","slug":"como-podria-la-inteligencia-artificial-mejorar-la-experiencia-del-paciente-en-el-ambito-ambulatorio-reflexiones-del-grupo-janus","status":"publish","type":"post","link":"https:\/\/mon.uvic.cat\/butlleti-recerca\/2025\/02\/24\/como-podria-la-inteligencia-artificial-mejorar-la-experiencia-del-paciente-en-el-ambito-ambulatorio-reflexiones-del-grupo-janus\/","title":{"rendered":"\u00bfC\u00f3mo podr\u00eda la inteligencia artificial mejorar la experiencia del paciente en el \u00e1mbito ambulatorio? Reflexiones del grupo JANUS"},"content":{"rendered":"<ul>\n<li>Rubio, O., Vila, M., Escobar, M., Agusti, A., &amp; en, representaci\u00f3n del grupo J. (2025). \u00bfC\u00f3mo podr\u00eda la inteligencia artificial mejorar la experiencia del paciente en el \u00e1mbito ambulatorio? Reflexiones del grupo JANUS. <em>Medicina Cl\u00ednica<\/em>, 164(4), 190-195. <a href=\"https:\/\/doi.org\/10.1016\/j.medcli.2024.09.018\">https:\/\/doi.org\/10.1016\/j.medcli.2024.09.018<\/a>. (Short Survey)<\/li>\n<\/ul>\n","protected":false},"excerpt":{"rendered":"<p>Rubio, O., Vila, M., Escobar, M., Agusti, A., &amp; en, representaci\u00f3n del grupo J. (2025). \u00bfC\u00f3mo podr\u00eda la inteligencia artificial &hellip; <a href=\"https:\/\/mon.uvic.cat\/butlleti-recerca\/2025\/02\/24\/como-podria-la-inteligencia-artificial-mejorar-la-experiencia-del-paciente-en-el-ambito-ambulatorio-reflexiones-del-grupo-janus\/\">Read More<\/a><\/p>\n","protected":false},"author":430,"featured_media":0,"comment_status":"open","ping_status":"open","sticky":false,"template":"","format":"standard","meta":{"_price":"","_stock":"","_tribe_ticket_header":"","_tribe_default_ticket_provider":"","_tribe_ticket_capacity":"0","_ticket_start_date":"","_ticket_end_date":"","_tribe_ticket_show_description":"","_tribe_ticket_show_not_going":false,"_tribe_ticket_use_global_stock":"","_tribe_ticket_global_stock_level":"","_global_stock_mode":"","_global_stock_cap":"","_tribe_rsvp_for_event":"","_tribe_ticket_going_count":"","_tribe_ticket_not_going_count":"","_tribe_tickets_list":"[]","_tribe_ticket_has_attendee_info_fields":false,"jetpack_post_was_ever_published":false,"_jetpack_newsletter_access":"","_jetpack_dont_email_post_to_subs":false,"_jetpack_newsletter_tier_id":0,"_jetpack_memberships_contains_paywalled_content":false,"_jetpack_memberships_contains_paid_content":false,"footnotes":"","jetpack_publicize_message":"","jetpack_publicize_feature_enabled":true,"jetpack_social_post_already_shared":false,"jetpack_social_options":{"image_generator_settings":{"template":"highway","default_image_id":0,"font":"","enabled":false},"version":2}},"categories":[4],"tags":[],"class_list":["post-24024","post","type-post","status-publish","format-standard","hentry","category-publicacions"],"jetpack_publicize_connections":[],"jetpack_featured_media_url":"","jetpack_sharing_enabled":true,"jetpack_shortlink":"https:\/\/wp.me\/paCdMn-6fu","publishpress_future_action":{"enabled":false,"date":"2026-05-04 15:17:10","action":"change-status","newStatus":"trash","terms":[],"taxonomy":"category","extraData":[]},"publishpress_future_workflow_manual_trigger":{"enabledWorkflows":[]},"_links":{"self":[{"href":"https:\/\/mon.uvic.cat\/butlleti-recerca\/wp-json\/wp\/v2\/posts\/24024","targetHints":{"allow":["GET"]}}],"collection":[{"href":"https:\/\/mon.uvic.cat\/butlleti-recerca\/wp-json\/wp\/v2\/posts"}],"about":[{"href":"https:\/\/mon.uvic.cat\/butlleti-recerca\/wp-json\/wp\/v2\/types\/post"}],"author":[{"embeddable":true,"href":"https:\/\/mon.uvic.cat\/butlleti-recerca\/wp-json\/wp\/v2\/users\/430"}],"replies":[{"embeddable":true,"href":"https:\/\/mon.uvic.cat\/butlleti-recerca\/wp-json\/wp\/v2\/comments?post=24024"}],"version-history":[{"count":2,"href":"https:\/\/mon.uvic.cat\/butlleti-recerca\/wp-json\/wp\/v2\/posts\/24024\/revisions"}],"predecessor-version":[{"id":24026,"href":"https:\/\/mon.uvic.cat\/butlleti-recerca\/wp-json\/wp\/v2\/posts\/24024\/revisions\/24026"}],"wp:attachment":[{"href":"https:\/\/mon.uvic.cat\/butlleti-recerca\/wp-json\/wp\/v2\/media?parent=24024"}],"wp:term":[{"taxonomy":"category","embeddable":true,"href":"https:\/\/mon.uvic.cat\/butlleti-recerca\/wp-json\/wp\/v2\/categories?post=24024"},{"taxonomy":"post_tag","embeddable":true,"href":"https:\/\/mon.uvic.cat\/butlleti-recerca\/wp-json\/wp\/v2\/tags?post=24024"}],"curies":[{"name":"wp","href":"https:\/\/api.w.org\/{rel}","templated":true}]}}