{"id":23687,"date":"2025-01-20T18:58:17","date_gmt":"2025-01-20T16:58:17","guid":{"rendered":"https:\/\/mon.uvic.cat\/butlleti-recerca\/?p=23687"},"modified":"2025-01-20T18:58:17","modified_gmt":"2025-01-20T16:58:17","slug":"tratamiento-analgesico-y-adecuacion-terapeutica-en-los-pacientes-con-enfermedad-cronica-avanzada-oportunidades-de-mejora","status":"publish","type":"post","link":"https:\/\/mon.uvic.cat\/butlleti-recerca\/2025\/01\/20\/tratamiento-analgesico-y-adecuacion-terapeutica-en-los-pacientes-con-enfermedad-cronica-avanzada-oportunidades-de-mejora\/","title":{"rendered":"Tratamiento analg\u00e9sico y adecuaci\u00f3n terap\u00e9utica en los pacientes con enfermedad cr\u00f3nica avanzada. Oportunidades de mejora"},"content":{"rendered":"<ul>\n<li>Ballar\u00edn Castany, \u00c0., Casanovas Font, J., Serr\u00e0 Rigol, T., Formiguera Maci\u00e0, A., Oller Piqu\u00e9, R., &amp; G\u00f3mez-Batiste, X. (2025). Tratamiento analg\u00e9sico y adecuaci\u00f3n terap\u00e9utica en los pacientes con enfermedad cr\u00f3nica avanzada. Oportunidades de mejora. <em>Atenci\u00f3n Primaria<\/em>, 57(5). <a href=\"https:\/\/doi.org\/10.1016\/j.aprim.2024.103135\">https:\/\/doi.org\/10.1016\/j.aprim.2024.103135<\/a><\/li>\n<\/ul>\n","protected":false},"excerpt":{"rendered":"<p>Ballar\u00edn Castany, \u00c0., Casanovas Font, J., Serr\u00e0 Rigol, T., Formiguera Maci\u00e0, A., Oller Piqu\u00e9, R., &amp; G\u00f3mez-Batiste, X. (2025). Tratamiento &hellip; <a href=\"https:\/\/mon.uvic.cat\/butlleti-recerca\/2025\/01\/20\/tratamiento-analgesico-y-adecuacion-terapeutica-en-los-pacientes-con-enfermedad-cronica-avanzada-oportunidades-de-mejora\/\">Read More<\/a><\/p>\n","protected":false},"author":430,"featured_media":0,"comment_status":"open","ping_status":"open","sticky":false,"template":"","format":"standard","meta":{"_price":"","_stock":"","_tribe_ticket_header":"","_tribe_default_ticket_provider":"","_tribe_ticket_capacity":"0","_ticket_start_date":"","_ticket_end_date":"","_tribe_ticket_show_description":"","_tribe_ticket_show_not_going":false,"_tribe_ticket_use_global_stock":"","_tribe_ticket_global_stock_level":"","_global_stock_mode":"","_global_stock_cap":"","_tribe_rsvp_for_event":"","_tribe_ticket_going_count":"","_tribe_ticket_not_going_count":"","_tribe_tickets_list":"[]","_tribe_ticket_has_attendee_info_fields":false,"jetpack_post_was_ever_published":false,"_jetpack_newsletter_access":"","_jetpack_dont_email_post_to_subs":false,"_jetpack_newsletter_tier_id":0,"_jetpack_memberships_contains_paywalled_content":false,"_jetpack_memberships_contains_paid_content":false,"footnotes":"","jetpack_publicize_message":"","jetpack_publicize_feature_enabled":true,"jetpack_social_post_already_shared":false,"jetpack_social_options":{"image_generator_settings":{"template":"highway","default_image_id":0,"font":"","enabled":false},"version":2}},"categories":[4],"tags":[],"class_list":["post-23687","post","type-post","status-publish","format-standard","hentry","category-publicacions"],"jetpack_publicize_connections":[],"jetpack_featured_media_url":"","jetpack_sharing_enabled":true,"jetpack_shortlink":"https:\/\/wp.me\/paCdMn-6a3","publishpress_future_action":{"enabled":false,"date":"2026-05-04 17:12:17","action":"change-status","newStatus":"trash","terms":[],"taxonomy":"category","extraData":[]},"publishpress_future_workflow_manual_trigger":{"enabledWorkflows":[]},"_links":{"self":[{"href":"https:\/\/mon.uvic.cat\/butlleti-recerca\/wp-json\/wp\/v2\/posts\/23687","targetHints":{"allow":["GET"]}}],"collection":[{"href":"https:\/\/mon.uvic.cat\/butlleti-recerca\/wp-json\/wp\/v2\/posts"}],"about":[{"href":"https:\/\/mon.uvic.cat\/butlleti-recerca\/wp-json\/wp\/v2\/types\/post"}],"author":[{"embeddable":true,"href":"https:\/\/mon.uvic.cat\/butlleti-recerca\/wp-json\/wp\/v2\/users\/430"}],"replies":[{"embeddable":true,"href":"https:\/\/mon.uvic.cat\/butlleti-recerca\/wp-json\/wp\/v2\/comments?post=23687"}],"version-history":[{"count":1,"href":"https:\/\/mon.uvic.cat\/butlleti-recerca\/wp-json\/wp\/v2\/posts\/23687\/revisions"}],"predecessor-version":[{"id":23688,"href":"https:\/\/mon.uvic.cat\/butlleti-recerca\/wp-json\/wp\/v2\/posts\/23687\/revisions\/23688"}],"wp:attachment":[{"href":"https:\/\/mon.uvic.cat\/butlleti-recerca\/wp-json\/wp\/v2\/media?parent=23687"}],"wp:term":[{"taxonomy":"category","embeddable":true,"href":"https:\/\/mon.uvic.cat\/butlleti-recerca\/wp-json\/wp\/v2\/categories?post=23687"},{"taxonomy":"post_tag","embeddable":true,"href":"https:\/\/mon.uvic.cat\/butlleti-recerca\/wp-json\/wp\/v2\/tags?post=23687"}],"curies":[{"name":"wp","href":"https:\/\/api.w.org\/{rel}","templated":true}]}}