{"id":22586,"date":"2024-10-28T12:41:44","date_gmt":"2024-10-28T10:41:44","guid":{"rendered":"https:\/\/mon.uvic.cat\/butlleti-recerca\/?p=22586"},"modified":"2024-10-28T12:41:44","modified_gmt":"2024-10-28T10:41:44","slug":"projecte-concedit-al-dr-vinicius-rosa","status":"publish","type":"post","link":"https:\/\/mon.uvic.cat\/butlleti-recerca\/2024\/10\/28\/projecte-concedit-al-dr-vinicius-rosa\/","title":{"rendered":"Projecte concedit al Dr. Vinicius Rosa"},"content":{"rendered":"<p class=\"x_MsoNormal\" data-olk-copy-source=\"MessageBody\"><strong>ENTITAT CONVOCANT:<\/strong> Ministeri de Ci\u00e8ncia, Innovaci\u00f3 i Universitats<\/p>\n<p class=\"x_MsoNormal\"><strong>CONVOCAT\u00d2RIA:<\/strong> Subprograma de Mobilitat dins del Programa Estatal de Promoci\u00f3 del Talent, en el marc \u00a0Estatal de Recerca Cient\u00edfica, T\u00e8cnica i d\u2019 Innovaci\u00f3 (PEICTI) 2021-2023<\/p>\n<p class=\"x_MsoNormal\"><strong>PROJECTE:<\/strong> \u00a0Modalitat junior Jos\u00e9 Castillejo. Estades de recerca a l\u2019estranger \u00abJos\u00e9 Castillejo\u00bb per joves doctors<\/p>\n<p class=\"x_MsoNormal\"><strong>ESTADA:<\/strong> 01\/06\/25 -30\/09\/2025 (Portugal)<\/p>\n<p class=\"x_MsoNormal\"><strong>IP:<\/strong> Dr. VINICIUS ROSA<\/p>\n","protected":false},"excerpt":{"rendered":"<p>ENTITAT CONVOCANT: Ministeri de Ci\u00e8ncia, Innovaci\u00f3 i Universitats CONVOCAT\u00d2RIA: Subprograma de Mobilitat dins del Programa Estatal de Promoci\u00f3 del Talent, &hellip; <a href=\"https:\/\/mon.uvic.cat\/butlleti-recerca\/2024\/10\/28\/projecte-concedit-al-dr-vinicius-rosa\/\">Read More<\/a><\/p>\n","protected":false},"author":429,"featured_media":22587,"comment_status":"open","ping_status":"open","sticky":false,"template":"","format":"standard","meta":{"_price":"","_stock":"","_tribe_ticket_header":"","_tribe_default_ticket_provider":"","_tribe_ticket_capacity":"0","_ticket_start_date":"","_ticket_end_date":"","_tribe_ticket_show_description":"","_tribe_ticket_show_not_going":false,"_tribe_ticket_use_global_stock":"","_tribe_ticket_global_stock_level":"","_global_stock_mode":"","_global_stock_cap":"","_tribe_rsvp_for_event":"","_tribe_ticket_going_count":"","_tribe_ticket_not_going_count":"","_tribe_tickets_list":"[]","_tribe_ticket_has_attendee_info_fields":false,"jetpack_post_was_ever_published":false,"_jetpack_newsletter_access":"","_jetpack_dont_email_post_to_subs":false,"_jetpack_newsletter_tier_id":0,"_jetpack_memberships_contains_paywalled_content":false,"_jetpack_memberships_contains_paid_content":false,"footnotes":"","jetpack_publicize_message":"","jetpack_publicize_feature_enabled":true,"jetpack_social_post_already_shared":true,"jetpack_social_options":{"image_generator_settings":{"template":"highway","default_image_id":0,"font":"","enabled":false},"version":2}},"categories":[11],"tags":[],"class_list":["post-22586","post","type-post","status-publish","format-standard","has-post-thumbnail","hentry","category-projectes-concedits"],"jetpack_publicize_connections":[],"jetpack_featured_media_url":"https:\/\/mon.uvic.cat\/butlleti-recerca\/files\/2024\/10\/Capture-One-Session5699-1.jpg","jetpack_sharing_enabled":true,"jetpack_shortlink":"https:\/\/wp.me\/paCdMn-5Si","publishpress_future_action":{"enabled":false,"date":"2026-05-04 17:04:25","action":"change-status","newStatus":"trash","terms":[],"taxonomy":"category","extraData":[]},"publishpress_future_workflow_manual_trigger":{"enabledWorkflows":[]},"_links":{"self":[{"href":"https:\/\/mon.uvic.cat\/butlleti-recerca\/wp-json\/wp\/v2\/posts\/22586","targetHints":{"allow":["GET"]}}],"collection":[{"href":"https:\/\/mon.uvic.cat\/butlleti-recerca\/wp-json\/wp\/v2\/posts"}],"about":[{"href":"https:\/\/mon.uvic.cat\/butlleti-recerca\/wp-json\/wp\/v2\/types\/post"}],"author":[{"embeddable":true,"href":"https:\/\/mon.uvic.cat\/butlleti-recerca\/wp-json\/wp\/v2\/users\/429"}],"replies":[{"embeddable":true,"href":"https:\/\/mon.uvic.cat\/butlleti-recerca\/wp-json\/wp\/v2\/comments?post=22586"}],"version-history":[{"count":1,"href":"https:\/\/mon.uvic.cat\/butlleti-recerca\/wp-json\/wp\/v2\/posts\/22586\/revisions"}],"predecessor-version":[{"id":22588,"href":"https:\/\/mon.uvic.cat\/butlleti-recerca\/wp-json\/wp\/v2\/posts\/22586\/revisions\/22588"}],"wp:featuredmedia":[{"embeddable":true,"href":"https:\/\/mon.uvic.cat\/butlleti-recerca\/wp-json\/wp\/v2\/media\/22587"}],"wp:attachment":[{"href":"https:\/\/mon.uvic.cat\/butlleti-recerca\/wp-json\/wp\/v2\/media?parent=22586"}],"wp:term":[{"taxonomy":"category","embeddable":true,"href":"https:\/\/mon.uvic.cat\/butlleti-recerca\/wp-json\/wp\/v2\/categories?post=22586"},{"taxonomy":"post_tag","embeddable":true,"href":"https:\/\/mon.uvic.cat\/butlleti-recerca\/wp-json\/wp\/v2\/tags?post=22586"}],"curies":[{"name":"wp","href":"https:\/\/api.w.org\/{rel}","templated":true}]}}