{"id":22368,"date":"2024-10-14T18:20:36","date_gmt":"2024-10-14T16:20:36","guid":{"rendered":"https:\/\/mon.uvic.cat\/butlleti-recerca\/?p=22368"},"modified":"2024-10-14T18:20:36","modified_gmt":"2024-10-14T16:20:36","slug":"effectiveness-of-culinary-nutrition-workshops-on-the-mood-and-nutritional-interest-of-inpatients-with-mental-disorder","status":"publish","type":"post","link":"https:\/\/mon.uvic.cat\/butlleti-recerca\/2024\/10\/14\/effectiveness-of-culinary-nutrition-workshops-on-the-mood-and-nutritional-interest-of-inpatients-with-mental-disorder\/","title":{"rendered":"Effectiveness of Culinary Nutrition Workshops on the Mood and Nutritional Interest of Inpatients With Mental Disorder"},"content":{"rendered":"<ul>\n<li>Vaqu\u00e9-Crusellas, C., Ribot, B., Corominas-D\u00edaz, A., Prat-Vigu\u00e9, G., Vila-Mart\u00ed, A., Torres-Moreno, M.,\u2026Foguet-Boreu, Q. (2024). Effectiveness of Culinary Nutrition Workshops on the Mood and Nutritional Interest of Inpatients With Mental Disorder. <em>Cureus Journal of Medical Science, <\/em>16, Article e64691. <a href=\"https:\/\/doi.org\/10.7759\/cureus.64691\">https:\/\/doi.org\/10.7759\/cureus.64691<\/a><\/li>\n<\/ul>\n","protected":false},"excerpt":{"rendered":"<p>Vaqu\u00e9-Crusellas, C., Ribot, B., Corominas-D\u00edaz, A., Prat-Vigu\u00e9, G., Vila-Mart\u00ed, A., Torres-Moreno, M.,\u2026Foguet-Boreu, Q. (2024). Effectiveness of Culinary Nutrition Workshops on &hellip; <a href=\"https:\/\/mon.uvic.cat\/butlleti-recerca\/2024\/10\/14\/effectiveness-of-culinary-nutrition-workshops-on-the-mood-and-nutritional-interest-of-inpatients-with-mental-disorder\/\">Read More<\/a><\/p>\n","protected":false},"author":430,"featured_media":0,"comment_status":"open","ping_status":"open","sticky":false,"template":"","format":"standard","meta":{"_price":"","_stock":"","_tribe_ticket_header":"","_tribe_default_ticket_provider":"","_tribe_ticket_capacity":"0","_ticket_start_date":"","_ticket_end_date":"","_tribe_ticket_show_description":"","_tribe_ticket_show_not_going":false,"_tribe_ticket_use_global_stock":"","_tribe_ticket_global_stock_level":"","_global_stock_mode":"","_global_stock_cap":"","_tribe_rsvp_for_event":"","_tribe_ticket_going_count":"","_tribe_ticket_not_going_count":"","_tribe_tickets_list":"[]","_tribe_ticket_has_attendee_info_fields":false,"jetpack_post_was_ever_published":false,"_jetpack_newsletter_access":"","_jetpack_dont_email_post_to_subs":false,"_jetpack_newsletter_tier_id":0,"_jetpack_memberships_contains_paywalled_content":false,"_jetpack_memberships_contains_paid_content":false,"footnotes":"","jetpack_publicize_message":"","jetpack_publicize_feature_enabled":true,"jetpack_social_post_already_shared":false,"jetpack_social_options":{"image_generator_settings":{"template":"highway","default_image_id":0,"font":"","enabled":false},"version":2}},"categories":[4],"tags":[],"class_list":["post-22368","post","type-post","status-publish","format-standard","hentry","category-publicacions"],"jetpack_publicize_connections":[],"jetpack_featured_media_url":"","jetpack_sharing_enabled":true,"jetpack_shortlink":"https:\/\/wp.me\/paCdMn-5OM","publishpress_future_action":{"enabled":false,"date":"2026-05-04 18:52:12","action":"change-status","newStatus":"trash","terms":[],"taxonomy":"category","extraData":[]},"publishpress_future_workflow_manual_trigger":{"enabledWorkflows":[]},"_links":{"self":[{"href":"https:\/\/mon.uvic.cat\/butlleti-recerca\/wp-json\/wp\/v2\/posts\/22368","targetHints":{"allow":["GET"]}}],"collection":[{"href":"https:\/\/mon.uvic.cat\/butlleti-recerca\/wp-json\/wp\/v2\/posts"}],"about":[{"href":"https:\/\/mon.uvic.cat\/butlleti-recerca\/wp-json\/wp\/v2\/types\/post"}],"author":[{"embeddable":true,"href":"https:\/\/mon.uvic.cat\/butlleti-recerca\/wp-json\/wp\/v2\/users\/430"}],"replies":[{"embeddable":true,"href":"https:\/\/mon.uvic.cat\/butlleti-recerca\/wp-json\/wp\/v2\/comments?post=22368"}],"version-history":[{"count":2,"href":"https:\/\/mon.uvic.cat\/butlleti-recerca\/wp-json\/wp\/v2\/posts\/22368\/revisions"}],"predecessor-version":[{"id":22370,"href":"https:\/\/mon.uvic.cat\/butlleti-recerca\/wp-json\/wp\/v2\/posts\/22368\/revisions\/22370"}],"wp:attachment":[{"href":"https:\/\/mon.uvic.cat\/butlleti-recerca\/wp-json\/wp\/v2\/media?parent=22368"}],"wp:term":[{"taxonomy":"category","embeddable":true,"href":"https:\/\/mon.uvic.cat\/butlleti-recerca\/wp-json\/wp\/v2\/categories?post=22368"},{"taxonomy":"post_tag","embeddable":true,"href":"https:\/\/mon.uvic.cat\/butlleti-recerca\/wp-json\/wp\/v2\/tags?post=22368"}],"curies":[{"name":"wp","href":"https:\/\/api.w.org\/{rel}","templated":true}]}}