{"id":22231,"date":"2024-10-07T18:38:01","date_gmt":"2024-10-07T16:38:01","guid":{"rendered":"https:\/\/mon.uvic.cat\/butlleti-recerca\/?p=22231"},"modified":"2024-10-07T18:38:01","modified_gmt":"2024-10-07T16:38:01","slug":"longitudinal-analysis-of-functional-capacity-in-nursing-home-residents-during-the-covid-19-pandemic","status":"publish","type":"post","link":"https:\/\/mon.uvic.cat\/butlleti-recerca\/2024\/10\/07\/longitudinal-analysis-of-functional-capacity-in-nursing-home-residents-during-the-covid-19-pandemic\/","title":{"rendered":"Longitudinal Analysis of Functional Capacity in Nursing Home Residents During the COVID-19 Pandemic"},"content":{"rendered":"<ul>\n<li>Moreno-Martin, P., Minobes-Molina, E., Escrib\u00e0-Salvans, A., Rosa Oliveira, V., Rierola-Fochs, S., Farr\u00e9s-Godayol, P., Gr\u00e0cia-Mic\u00f3, P., Bezerra de Souza, DL., Skelton, D.A, Jerez-Roig, J. (2024). Longitudinal Analysis of Functional Capacity in Nursing Home Residents During the COVID-19 Pandemic. <em>Journal of Geriatric Physical Therapy<\/em>, num: 101519. <a href=\"https:\/\/doi.org\/10.1519\/JPT.0000000000000418\">https:\/\/doi.org\/10.1519\/JPT.0000000000000418<\/a><\/li>\n<\/ul>\n","protected":false},"excerpt":{"rendered":"<p>Moreno-Martin, P., Minobes-Molina, E., Escrib\u00e0-Salvans, A., Rosa Oliveira, V., Rierola-Fochs, S., Farr\u00e9s-Godayol, P., Gr\u00e0cia-Mic\u00f3, P., Bezerra de Souza, DL., Skelton, &hellip; <a href=\"https:\/\/mon.uvic.cat\/butlleti-recerca\/2024\/10\/07\/longitudinal-analysis-of-functional-capacity-in-nursing-home-residents-during-the-covid-19-pandemic\/\">Read More<\/a><\/p>\n","protected":false},"author":430,"featured_media":0,"comment_status":"open","ping_status":"open","sticky":false,"template":"","format":"standard","meta":{"_price":"","_stock":"","_tribe_ticket_header":"","_tribe_default_ticket_provider":"","_tribe_ticket_capacity":"0","_ticket_start_date":"","_ticket_end_date":"","_tribe_ticket_show_description":"","_tribe_ticket_show_not_going":false,"_tribe_ticket_use_global_stock":"","_tribe_ticket_global_stock_level":"","_global_stock_mode":"","_global_stock_cap":"","_tribe_rsvp_for_event":"","_tribe_ticket_going_count":"","_tribe_ticket_not_going_count":"","_tribe_tickets_list":"[]","_tribe_ticket_has_attendee_info_fields":false,"jetpack_post_was_ever_published":false,"_jetpack_newsletter_access":"","_jetpack_dont_email_post_to_subs":false,"_jetpack_newsletter_tier_id":0,"_jetpack_memberships_contains_paywalled_content":false,"_jetpack_memberships_contains_paid_content":false,"footnotes":"","jetpack_publicize_message":"","jetpack_publicize_feature_enabled":true,"jetpack_social_post_already_shared":false,"jetpack_social_options":{"image_generator_settings":{"template":"highway","default_image_id":0,"font":"","enabled":false},"version":2}},"categories":[4],"tags":[],"class_list":["post-22231","post","type-post","status-publish","format-standard","hentry","category-publicacions"],"jetpack_publicize_connections":[],"jetpack_featured_media_url":"","jetpack_sharing_enabled":true,"jetpack_shortlink":"https:\/\/wp.me\/paCdMn-5Mz","publishpress_future_action":{"enabled":false,"date":"2026-05-04 17:12:16","action":"change-status","newStatus":"trash","terms":[],"taxonomy":"category","extraData":[]},"publishpress_future_workflow_manual_trigger":{"enabledWorkflows":[]},"_links":{"self":[{"href":"https:\/\/mon.uvic.cat\/butlleti-recerca\/wp-json\/wp\/v2\/posts\/22231","targetHints":{"allow":["GET"]}}],"collection":[{"href":"https:\/\/mon.uvic.cat\/butlleti-recerca\/wp-json\/wp\/v2\/posts"}],"about":[{"href":"https:\/\/mon.uvic.cat\/butlleti-recerca\/wp-json\/wp\/v2\/types\/post"}],"author":[{"embeddable":true,"href":"https:\/\/mon.uvic.cat\/butlleti-recerca\/wp-json\/wp\/v2\/users\/430"}],"replies":[{"embeddable":true,"href":"https:\/\/mon.uvic.cat\/butlleti-recerca\/wp-json\/wp\/v2\/comments?post=22231"}],"version-history":[{"count":1,"href":"https:\/\/mon.uvic.cat\/butlleti-recerca\/wp-json\/wp\/v2\/posts\/22231\/revisions"}],"predecessor-version":[{"id":22232,"href":"https:\/\/mon.uvic.cat\/butlleti-recerca\/wp-json\/wp\/v2\/posts\/22231\/revisions\/22232"}],"wp:attachment":[{"href":"https:\/\/mon.uvic.cat\/butlleti-recerca\/wp-json\/wp\/v2\/media?parent=22231"}],"wp:term":[{"taxonomy":"category","embeddable":true,"href":"https:\/\/mon.uvic.cat\/butlleti-recerca\/wp-json\/wp\/v2\/categories?post=22231"},{"taxonomy":"post_tag","embeddable":true,"href":"https:\/\/mon.uvic.cat\/butlleti-recerca\/wp-json\/wp\/v2\/tags?post=22231"}],"curies":[{"name":"wp","href":"https:\/\/api.w.org\/{rel}","templated":true}]}}