{"id":21799,"date":"2024-07-29T13:57:08","date_gmt":"2024-07-29T11:57:08","guid":{"rendered":"https:\/\/mon.uvic.cat\/butlleti-recerca\/?p=21799"},"modified":"2024-07-29T13:57:08","modified_gmt":"2024-07-29T11:57:08","slug":"projecte-concedit-al-dr-jaume-miquel-march","status":"publish","type":"post","link":"https:\/\/mon.uvic.cat\/butlleti-recerca\/2024\/07\/29\/projecte-concedit-al-dr-jaume-miquel-march\/","title":{"rendered":"Projecte concedit al Dr. Jaume Miquel March"},"content":{"rendered":"<p><strong>Entitat Convocant:<\/strong>\u00a0AGAUR ( Ag\u00e8ncia de Gesti\u00f3 d\u2019Ajuts Universitaris i de Recerca)<\/p>\n<p><strong>Convocat\u00f2ria<\/strong>: Ajuts per a projectes per a la promoci\u00f3 i la millora del benestar emocional i salut mental en el sistema universitari i de recerca de Catalunya (BENESTAR)<\/p>\n<p><strong>Projecte:<\/strong> <em><span class=\"TextRun SCXW176349806 BCX8\" lang=\"CA-ES\" xml:lang=\"CA-ES\" data-contrast=\"auto\"><span class=\"NormalTextRun SCXW176349806 BCX8\">Estudi sobre el benestar emocional en la comunitat universit\u00e0ria de la UVIC-UCC: Com la vida universit\u00e0ria i els estils de vida influeixen en la salut mental i satisfacci\u00f3 de vida dels estudiants, personal d&#8217;administraci\u00f3 i professorat<\/span><\/span><\/em><\/p>\n<p><strong>IP:<\/strong> Dr. Jaume Miquel March<\/p>\n","protected":false},"excerpt":{"rendered":"<p>Entitat Convocant:\u00a0AGAUR ( Ag\u00e8ncia de Gesti\u00f3 d\u2019Ajuts Universitaris i de Recerca) Convocat\u00f2ria: Ajuts per a projectes per a la promoci\u00f3 &hellip; <a href=\"https:\/\/mon.uvic.cat\/butlleti-recerca\/2024\/07\/29\/projecte-concedit-al-dr-jaume-miquel-march\/\">Read More<\/a><\/p>\n","protected":false},"author":429,"featured_media":21800,"comment_status":"open","ping_status":"open","sticky":false,"template":"","format":"standard","meta":{"_price":"","_stock":"","_tribe_ticket_header":"","_tribe_default_ticket_provider":"","_tribe_ticket_capacity":"0","_ticket_start_date":"","_ticket_end_date":"","_tribe_ticket_show_description":"","_tribe_ticket_show_not_going":false,"_tribe_ticket_use_global_stock":"","_tribe_ticket_global_stock_level":"","_global_stock_mode":"","_global_stock_cap":"","_tribe_rsvp_for_event":"","_tribe_ticket_going_count":"","_tribe_ticket_not_going_count":"","_tribe_tickets_list":"[]","_tribe_ticket_has_attendee_info_fields":false,"jetpack_post_was_ever_published":false,"_jetpack_newsletter_access":"","_jetpack_dont_email_post_to_subs":false,"_jetpack_newsletter_tier_id":0,"_jetpack_memberships_contains_paywalled_content":false,"_jetpack_memberships_contains_paid_content":false,"footnotes":"","jetpack_publicize_message":"","jetpack_publicize_feature_enabled":true,"jetpack_social_post_already_shared":true,"jetpack_social_options":{"image_generator_settings":{"template":"highway","default_image_id":0,"font":"","enabled":false},"version":2}},"categories":[11],"tags":[],"class_list":["post-21799","post","type-post","status-publish","format-standard","has-post-thumbnail","hentry","category-projectes-concedits"],"jetpack_publicize_connections":[],"jetpack_featured_media_url":"https:\/\/mon.uvic.cat\/butlleti-recerca\/files\/2024\/07\/JauemMiquel.jpg","jetpack_sharing_enabled":true,"jetpack_shortlink":"https:\/\/wp.me\/paCdMn-5FB","publishpress_future_action":{"enabled":false,"date":"2026-05-04 18:21:28","action":"change-status","newStatus":"trash","terms":[],"taxonomy":"category","extraData":[]},"publishpress_future_workflow_manual_trigger":{"enabledWorkflows":[]},"_links":{"self":[{"href":"https:\/\/mon.uvic.cat\/butlleti-recerca\/wp-json\/wp\/v2\/posts\/21799","targetHints":{"allow":["GET"]}}],"collection":[{"href":"https:\/\/mon.uvic.cat\/butlleti-recerca\/wp-json\/wp\/v2\/posts"}],"about":[{"href":"https:\/\/mon.uvic.cat\/butlleti-recerca\/wp-json\/wp\/v2\/types\/post"}],"author":[{"embeddable":true,"href":"https:\/\/mon.uvic.cat\/butlleti-recerca\/wp-json\/wp\/v2\/users\/429"}],"replies":[{"embeddable":true,"href":"https:\/\/mon.uvic.cat\/butlleti-recerca\/wp-json\/wp\/v2\/comments?post=21799"}],"version-history":[{"count":1,"href":"https:\/\/mon.uvic.cat\/butlleti-recerca\/wp-json\/wp\/v2\/posts\/21799\/revisions"}],"predecessor-version":[{"id":21801,"href":"https:\/\/mon.uvic.cat\/butlleti-recerca\/wp-json\/wp\/v2\/posts\/21799\/revisions\/21801"}],"wp:featuredmedia":[{"embeddable":true,"href":"https:\/\/mon.uvic.cat\/butlleti-recerca\/wp-json\/wp\/v2\/media\/21800"}],"wp:attachment":[{"href":"https:\/\/mon.uvic.cat\/butlleti-recerca\/wp-json\/wp\/v2\/media?parent=21799"}],"wp:term":[{"taxonomy":"category","embeddable":true,"href":"https:\/\/mon.uvic.cat\/butlleti-recerca\/wp-json\/wp\/v2\/categories?post=21799"},{"taxonomy":"post_tag","embeddable":true,"href":"https:\/\/mon.uvic.cat\/butlleti-recerca\/wp-json\/wp\/v2\/tags?post=21799"}],"curies":[{"name":"wp","href":"https:\/\/api.w.org\/{rel}","templated":true}]}}