{"id":21793,"date":"2024-07-29T13:53:02","date_gmt":"2024-07-29T11:53:02","guid":{"rendered":"https:\/\/mon.uvic.cat\/butlleti-recerca\/?p=21793"},"modified":"2024-07-29T13:53:02","modified_gmt":"2024-07-29T11:53:02","slug":"projecte-concedit-al-dr-javier-jerez-3","status":"publish","type":"post","link":"https:\/\/mon.uvic.cat\/butlleti-recerca\/2024\/07\/29\/projecte-concedit-al-dr-javier-jerez-3\/","title":{"rendered":"Projecte concedit al Dr. Javier Jerez"},"content":{"rendered":"<p><strong>Entitat Convocant:<\/strong>\u00a0AGAUR ( Ag\u00e8ncia de Gesti\u00f3 d\u2019Ajuts Universitaris i de Recerca)<\/p>\n<p><strong>Convocat\u00f2ria<\/strong>: Ajuts per a projectes amb impacte social del sistema universitari i de recerca de Catalunya (IMPACTE)<\/p>\n<p><strong>Projecte:<\/strong>\u00a0<i> <span class=\"TextRun SCXW12511995 BCX8\" lang=\"CA-ES\" xml:lang=\"CA-ES\" data-contrast=\"auto\"><span class=\"NormalTextRun SCXW12511995 BCX8\">Taller de Valoraci\u00f3 Geri\u00e0trica Integral i Promoci\u00f3 de la Salut per a persones grans: un programa d\u2019aprenentatge servei<\/span><\/span><span class=\"EOP SCXW12511995 BCX8\" data-ccp-props=\"{&quot;201341983&quot;:0,&quot;335559739&quot;:160,&quot;335559740&quot;:259}\">\u00a0<\/span><\/i><\/p>\n<p><strong>IP:<\/strong> Dr. Javier Jerez<\/p>\n","protected":false},"excerpt":{"rendered":"<p>Entitat Convocant:\u00a0AGAUR ( Ag\u00e8ncia de Gesti\u00f3 d\u2019Ajuts Universitaris i de Recerca) Convocat\u00f2ria: Ajuts per a projectes amb impacte social del &hellip; <a href=\"https:\/\/mon.uvic.cat\/butlleti-recerca\/2024\/07\/29\/projecte-concedit-al-dr-javier-jerez-3\/\">Read More<\/a><\/p>\n","protected":false},"author":429,"featured_media":21794,"comment_status":"open","ping_status":"open","sticky":false,"template":"","format":"standard","meta":{"_price":"","_stock":"","_tribe_ticket_header":"","_tribe_default_ticket_provider":"","_tribe_ticket_capacity":"0","_ticket_start_date":"","_ticket_end_date":"","_tribe_ticket_show_description":"","_tribe_ticket_show_not_going":false,"_tribe_ticket_use_global_stock":"","_tribe_ticket_global_stock_level":"","_global_stock_mode":"","_global_stock_cap":"","_tribe_rsvp_for_event":"","_tribe_ticket_going_count":"","_tribe_ticket_not_going_count":"","_tribe_tickets_list":"[]","_tribe_ticket_has_attendee_info_fields":false,"jetpack_post_was_ever_published":false,"_jetpack_newsletter_access":"","_jetpack_dont_email_post_to_subs":false,"_jetpack_newsletter_tier_id":0,"_jetpack_memberships_contains_paywalled_content":false,"_jetpack_memberships_contains_paid_content":false,"footnotes":"","jetpack_publicize_message":"","jetpack_publicize_feature_enabled":true,"jetpack_social_post_already_shared":true,"jetpack_social_options":{"image_generator_settings":{"template":"highway","default_image_id":0,"font":"","enabled":false},"version":2}},"categories":[11],"tags":[],"class_list":["post-21793","post","type-post","status-publish","format-standard","has-post-thumbnail","hentry","category-projectes-concedits"],"jetpack_publicize_connections":[],"jetpack_featured_media_url":"https:\/\/mon.uvic.cat\/butlleti-recerca\/files\/2024\/07\/javier-jerez.jpg","jetpack_sharing_enabled":true,"jetpack_shortlink":"https:\/\/wp.me\/paCdMn-5Fv","publishpress_future_action":{"enabled":false,"date":"2026-05-04 18:22:34","action":"change-status","newStatus":"trash","terms":[],"taxonomy":"category","extraData":[]},"publishpress_future_workflow_manual_trigger":{"enabledWorkflows":[]},"_links":{"self":[{"href":"https:\/\/mon.uvic.cat\/butlleti-recerca\/wp-json\/wp\/v2\/posts\/21793","targetHints":{"allow":["GET"]}}],"collection":[{"href":"https:\/\/mon.uvic.cat\/butlleti-recerca\/wp-json\/wp\/v2\/posts"}],"about":[{"href":"https:\/\/mon.uvic.cat\/butlleti-recerca\/wp-json\/wp\/v2\/types\/post"}],"author":[{"embeddable":true,"href":"https:\/\/mon.uvic.cat\/butlleti-recerca\/wp-json\/wp\/v2\/users\/429"}],"replies":[{"embeddable":true,"href":"https:\/\/mon.uvic.cat\/butlleti-recerca\/wp-json\/wp\/v2\/comments?post=21793"}],"version-history":[{"count":1,"href":"https:\/\/mon.uvic.cat\/butlleti-recerca\/wp-json\/wp\/v2\/posts\/21793\/revisions"}],"predecessor-version":[{"id":21795,"href":"https:\/\/mon.uvic.cat\/butlleti-recerca\/wp-json\/wp\/v2\/posts\/21793\/revisions\/21795"}],"wp:featuredmedia":[{"embeddable":true,"href":"https:\/\/mon.uvic.cat\/butlleti-recerca\/wp-json\/wp\/v2\/media\/21794"}],"wp:attachment":[{"href":"https:\/\/mon.uvic.cat\/butlleti-recerca\/wp-json\/wp\/v2\/media?parent=21793"}],"wp:term":[{"taxonomy":"category","embeddable":true,"href":"https:\/\/mon.uvic.cat\/butlleti-recerca\/wp-json\/wp\/v2\/categories?post=21793"},{"taxonomy":"post_tag","embeddable":true,"href":"https:\/\/mon.uvic.cat\/butlleti-recerca\/wp-json\/wp\/v2\/tags?post=21793"}],"curies":[{"name":"wp","href":"https:\/\/api.w.org\/{rel}","templated":true}]}}