{"id":20248,"date":"2024-04-08T11:15:23","date_gmt":"2024-04-08T09:15:23","guid":{"rendered":"https:\/\/mon.uvic.cat\/butlleti-recerca\/?p=20248"},"modified":"2024-04-08T11:15:23","modified_gmt":"2024-04-08T09:15:23","slug":"maco-el-repositori-per-a-monografies-culturals-i-cientifiques-en-obert","status":"publish","type":"post","link":"https:\/\/mon.uvic.cat\/butlleti-recerca\/2024\/04\/08\/maco-el-repositori-per-a-monografies-culturals-i-cientifiques-en-obert\/","title":{"rendered":"MACO, el repositori per a monografies culturals i cient\u00edfiques en obert"},"content":{"rendered":"<p>El repositori Monografies Acad\u00e8miques en Obert (<a href=\"https:\/\/maco.csuc.cat\/\" target=\"_blank\" rel=\"noopener\">MACO<\/a>) s&#8217;ha posat en funcionament sota la imatge de\u00a0<a href=\"https:\/\/cora.csuc.cat\/\" target=\"_blank\" rel=\"noopener\">CORA<\/a>\u00a0(Catalan Open Research Area) per donar visibilitat a la recerca publicada a Catalunya per institucions p\u00fabliques i privades d&#8217;ensenyament, recerca i divulgaci\u00f3,\u00a0en forma de monografies culturals i cient\u00edfiques. MACO s&#8217;ha obert en una primera fase inicial amb 2 participants, el\u00a0<a href=\"https:\/\/maco.csuc.cat\/handle\/20.500.14228\/1\" target=\"_blank\" rel=\"noopener\">Patronat d&#8217;Estudis Osonencs<\/a>\u00a0i la\u00a0<a href=\"https:\/\/maco.csuc.cat\/handle\/20.500.14228\/2\" target=\"_blank\" rel=\"noopener\">Universitat Rovira i Virgili<\/a>, i 26 documents consultables (20 monografies i 6 cap\u00edtols).<\/p>\n<p>La previsi\u00f3 \u00e9s que MACO compti d&#8217;aqu\u00ed poc amb un comit\u00e8 editorial que avalu\u00ef l&#8217;adequaci\u00f3 de les peticions rebudes per a la incorporaci\u00f3 de noves monografies\u00a0i estableixi les l\u00ednies estrat\u00e8giques del repositori. Aix\u00f2 far\u00e0 que el repositori creixi en el futur amb noves institucions i monografies disponibles per a la seva consulta.<\/p>\n<p>MACO \u00e9s una plataforma desenvolupada pel CSUC amb el programa de codi lliure DSpace, i proporciona una\u00a0infraestructura similar a la dels\u00a0repositoris de prestacions avan\u00e7ades (<a href=\"https:\/\/www.csuc.cat\/ca\/serveis\/rpa\">RPA<\/a>) perqu\u00e8\u00a0les institucions editores puguin\u00a0publicar en digital i en obert. MACO \u00e9s present a\u00a0<a href=\"https:\/\/www.openaire.eu\/\" target=\"_blank\" rel=\"noopener\">OpenAIRE<\/a>, fet que amplia la difusi\u00f3 i visibilitat de les monografies i cap\u00edtols a trav\u00e9s d&#8217;aquesta infraestructura tecnol\u00f2gica d&#8217;\u00e0mbit internacional.<\/p>\n<p>El desenvolupament de MACO s&#8217;ha fet amb finan\u00e7ament obtingut del Pla de Recuperaci\u00f3 Next Generation EU, a trav\u00e9s del fons REACT-EU adjudicat al projecte &#8220;<a href=\"https:\/\/www.csuc.cat\/ca\/ca\/projectes\/serveis-incrementar-la-competitivitat-del-sistema-de-coneixement-de-catalunya\">Serveis per incrementar la competitivitat del sistema de coneixement de Catalunya<\/a>&#8220;, que preveia una actuaci\u00f3 per a millorar els serveis de dades per a la recerca.<\/p>\n<p><a href=\"https:\/\/fonseuropeus.gencat.cat\/ca\/next-generation-catalunya\/pmf\/ngeu-mrr-reacteu\/\" target=\"_blank\" rel=\"noopener\"><img loading=\"lazy\" decoding=\"async\" class=\"img-responsive\" title=\"Logotips dels fons europeus Fons React UE\" src=\"https:\/\/www.csuc.cat\/sites\/default\/files\/2023-10\/logo_mix_react_eu-OFICIAL.png\" alt=\"Logotip dels fons europeus React-U\" width=\"946\" height=\"84\" \/>\u00a0\u00a0\u00a0\u00a0\u00a0<\/a><\/p>\n<p><strong>Font<\/strong>: <a href=\"https:\/\/www.csuc.cat\/ca\/noticia\/maco-el-repositori-monografies-culturals-i-cientifiques-en-obert\">CSUC<\/a>, 08\/04\/2024<\/p>\n","protected":false},"excerpt":{"rendered":"<p>El repositori Monografies Acad\u00e8miques en Obert (MACO) s&#8217;ha posat en funcionament sota la imatge de\u00a0CORA\u00a0(Catalan Open Research Area) per donar &hellip; <a href=\"https:\/\/mon.uvic.cat\/butlleti-recerca\/2024\/04\/08\/maco-el-repositori-per-a-monografies-culturals-i-cientifiques-en-obert\/\">Read More<\/a><\/p>\n","protected":false},"author":430,"featured_media":20250,"comment_status":"open","ping_status":"open","sticky":false,"template":"","format":"standard","meta":{"_price":"","_stock":"","_tribe_ticket_header":"","_tribe_default_ticket_provider":"","_tribe_ticket_capacity":"0","_ticket_start_date":"","_ticket_end_date":"","_tribe_ticket_show_description":"","_tribe_ticket_show_not_going":false,"_tribe_ticket_use_global_stock":"","_tribe_ticket_global_stock_level":"","_global_stock_mode":"","_global_stock_cap":"","_tribe_rsvp_for_event":"","_tribe_ticket_going_count":"","_tribe_ticket_not_going_count":"","_tribe_tickets_list":"[]","_tribe_ticket_has_attendee_info_fields":false,"jetpack_post_was_ever_published":false,"_jetpack_newsletter_access":"","_jetpack_dont_email_post_to_subs":false,"_jetpack_newsletter_tier_id":0,"_jetpack_memberships_contains_paywalled_content":false,"_jetpack_memberships_contains_paid_content":false,"footnotes":"","jetpack_publicize_message":"","jetpack_publicize_feature_enabled":true,"jetpack_social_post_already_shared":true,"jetpack_social_options":{"image_generator_settings":{"template":"highway","default_image_id":0,"font":"","enabled":false},"version":2}},"categories":[35],"tags":[],"class_list":["post-20248","post","type-post","status-publish","format-standard","has-post-thumbnail","hentry","category-noticies"],"jetpack_publicize_connections":[],"jetpack_featured_media_url":"https:\/\/mon.uvic.cat\/butlleti-recerca\/files\/2024\/04\/Noticia_CSUC_08042024_Canva.jpg","jetpack_sharing_enabled":true,"jetpack_shortlink":"https:\/\/wp.me\/paCdMn-5gA","publishpress_future_action":{"enabled":false,"date":"2026-05-04 17:10:58","action":"change-status","newStatus":"trash","terms":[],"taxonomy":"category","extraData":[]},"publishpress_future_workflow_manual_trigger":{"enabledWorkflows":[]},"_links":{"self":[{"href":"https:\/\/mon.uvic.cat\/butlleti-recerca\/wp-json\/wp\/v2\/posts\/20248","targetHints":{"allow":["GET"]}}],"collection":[{"href":"https:\/\/mon.uvic.cat\/butlleti-recerca\/wp-json\/wp\/v2\/posts"}],"about":[{"href":"https:\/\/mon.uvic.cat\/butlleti-recerca\/wp-json\/wp\/v2\/types\/post"}],"author":[{"embeddable":true,"href":"https:\/\/mon.uvic.cat\/butlleti-recerca\/wp-json\/wp\/v2\/users\/430"}],"replies":[{"embeddable":true,"href":"https:\/\/mon.uvic.cat\/butlleti-recerca\/wp-json\/wp\/v2\/comments?post=20248"}],"version-history":[{"count":1,"href":"https:\/\/mon.uvic.cat\/butlleti-recerca\/wp-json\/wp\/v2\/posts\/20248\/revisions"}],"predecessor-version":[{"id":20249,"href":"https:\/\/mon.uvic.cat\/butlleti-recerca\/wp-json\/wp\/v2\/posts\/20248\/revisions\/20249"}],"wp:featuredmedia":[{"embeddable":true,"href":"https:\/\/mon.uvic.cat\/butlleti-recerca\/wp-json\/wp\/v2\/media\/20250"}],"wp:attachment":[{"href":"https:\/\/mon.uvic.cat\/butlleti-recerca\/wp-json\/wp\/v2\/media?parent=20248"}],"wp:term":[{"taxonomy":"category","embeddable":true,"href":"https:\/\/mon.uvic.cat\/butlleti-recerca\/wp-json\/wp\/v2\/categories?post=20248"},{"taxonomy":"post_tag","embeddable":true,"href":"https:\/\/mon.uvic.cat\/butlleti-recerca\/wp-json\/wp\/v2\/tags?post=20248"}],"curies":[{"name":"wp","href":"https:\/\/api.w.org\/{rel}","templated":true}]}}