{"id":20029,"date":"2024-04-02T19:33:30","date_gmt":"2024-04-02T17:33:30","guid":{"rendered":"https:\/\/mon.uvic.cat\/butlleti-recerca\/?p=20029"},"modified":"2024-04-02T19:33:30","modified_gmt":"2024-04-02T17:33:30","slug":"corrigendum-feasibility-of-severe-acute-respiratory-syndrome-coronavirus-2-sars-cov-2-antigen-self-testing-in-school-and-summer-camp-attendees","status":"publish","type":"post","link":"https:\/\/mon.uvic.cat\/butlleti-recerca\/2024\/04\/02\/corrigendum-feasibility-of-severe-acute-respiratory-syndrome-coronavirus-2-sars-cov-2-antigen-self-testing-in-school-and-summer-camp-attendees\/","title":{"rendered":"Corrigendum: Feasibility of severe acute respiratory syndrome coronavirus 2 (SARS-CoV-2) antigen self-testing in school and summer camp attendees"},"content":{"rendered":"<ul>\n<li>Colom-Cadena, A., Mart\u00ednez-Riveros, H., Bordas, A., Alonso-Garc\u00eda, L., Montoro-Fern\u00e1ndez, M., Romano-deGea, P., Vidal-Alaball, J., Sol\u00e0-Segura, E., Llibre, J. M., Revollo, B., Casabona, J., &amp; Agust\u00ed, C. (2023). Corrigendum: Feasibility of severe acute respiratory syndrome coronavirus 2 (SARS-CoV-2) antigen self-testing in school and summer camp attendees (Frontiers in Pediatrics) (2023), 10, (975454), 10.3389\/fped.2022.975454). <em>Frontiers in Pediatrics<\/em>, 11. <a href=\"https:\/\/doi.org\/10.3389\/fped.2023.1353806\">https:\/\/doi.org\/10.3389\/fped.2023.1353806<\/a><\/li>\n<\/ul>\n","protected":false},"excerpt":{"rendered":"<p>Colom-Cadena, A., Mart\u00ednez-Riveros, H., Bordas, A., Alonso-Garc\u00eda, L., Montoro-Fern\u00e1ndez, M., Romano-deGea, P., Vidal-Alaball, J., Sol\u00e0-Segura, E., Llibre, J. M., Revollo, &hellip; <a href=\"https:\/\/mon.uvic.cat\/butlleti-recerca\/2024\/04\/02\/corrigendum-feasibility-of-severe-acute-respiratory-syndrome-coronavirus-2-sars-cov-2-antigen-self-testing-in-school-and-summer-camp-attendees\/\">Read More<\/a><\/p>\n","protected":false},"author":430,"featured_media":0,"comment_status":"open","ping_status":"open","sticky":false,"template":"","format":"standard","meta":{"_price":"","_stock":"","_tribe_ticket_header":"","_tribe_default_ticket_provider":"","_tribe_ticket_capacity":"0","_ticket_start_date":"","_ticket_end_date":"","_tribe_ticket_show_description":"","_tribe_ticket_show_not_going":false,"_tribe_ticket_use_global_stock":"","_tribe_ticket_global_stock_level":"","_global_stock_mode":"","_global_stock_cap":"","_tribe_rsvp_for_event":"","_tribe_ticket_going_count":"","_tribe_ticket_not_going_count":"","_tribe_tickets_list":"[]","_tribe_ticket_has_attendee_info_fields":false,"jetpack_post_was_ever_published":true,"_jetpack_newsletter_access":"","_jetpack_dont_email_post_to_subs":false,"_jetpack_newsletter_tier_id":0,"_jetpack_memberships_contains_paywalled_content":false,"_jetpack_memberships_contains_paid_content":false,"footnotes":"","jetpack_publicize_message":"","jetpack_publicize_feature_enabled":true,"jetpack_social_post_already_shared":true,"jetpack_social_options":{"image_generator_settings":{"template":"highway","default_image_id":0,"font":"","enabled":false},"version":2}},"categories":[4],"tags":[],"class_list":["post-20029","post","type-post","status-publish","format-standard","hentry","category-publicacions"],"jetpack_publicize_connections":[],"jetpack_featured_media_url":"","jetpack_sharing_enabled":true,"jetpack_shortlink":"https:\/\/wp.me\/paCdMn-5d3","publishpress_future_action":{"enabled":false,"date":"2026-05-04 18:22:25","action":"change-status","newStatus":"trash","terms":[],"taxonomy":"category","extraData":[]},"publishpress_future_workflow_manual_trigger":{"enabledWorkflows":[]},"_links":{"self":[{"href":"https:\/\/mon.uvic.cat\/butlleti-recerca\/wp-json\/wp\/v2\/posts\/20029","targetHints":{"allow":["GET"]}}],"collection":[{"href":"https:\/\/mon.uvic.cat\/butlleti-recerca\/wp-json\/wp\/v2\/posts"}],"about":[{"href":"https:\/\/mon.uvic.cat\/butlleti-recerca\/wp-json\/wp\/v2\/types\/post"}],"author":[{"embeddable":true,"href":"https:\/\/mon.uvic.cat\/butlleti-recerca\/wp-json\/wp\/v2\/users\/430"}],"replies":[{"embeddable":true,"href":"https:\/\/mon.uvic.cat\/butlleti-recerca\/wp-json\/wp\/v2\/comments?post=20029"}],"version-history":[{"count":2,"href":"https:\/\/mon.uvic.cat\/butlleti-recerca\/wp-json\/wp\/v2\/posts\/20029\/revisions"}],"predecessor-version":[{"id":20128,"href":"https:\/\/mon.uvic.cat\/butlleti-recerca\/wp-json\/wp\/v2\/posts\/20029\/revisions\/20128"}],"wp:attachment":[{"href":"https:\/\/mon.uvic.cat\/butlleti-recerca\/wp-json\/wp\/v2\/media?parent=20029"}],"wp:term":[{"taxonomy":"category","embeddable":true,"href":"https:\/\/mon.uvic.cat\/butlleti-recerca\/wp-json\/wp\/v2\/categories?post=20029"},{"taxonomy":"post_tag","embeddable":true,"href":"https:\/\/mon.uvic.cat\/butlleti-recerca\/wp-json\/wp\/v2\/tags?post=20029"}],"curies":[{"name":"wp","href":"https:\/\/api.w.org\/{rel}","templated":true}]}}