{"id":19697,"date":"2024-02-19T15:02:30","date_gmt":"2024-02-19T13:02:30","guid":{"rendered":"https:\/\/mon.uvic.cat\/butlleti-recerca\/?p=19697"},"modified":"2024-02-19T15:02:30","modified_gmt":"2024-02-19T13:02:30","slug":"perceived-quality-of-life-is-related-to-a-healthy-lifestyle-and-related-outcomes-in-spanish-children-and-adolescents-the-physical-activity-sedentarism-and-obesity-in-spanish-study","status":"publish","type":"post","link":"https:\/\/mon.uvic.cat\/butlleti-recerca\/2024\/02\/19\/perceived-quality-of-life-is-related-to-a-healthy-lifestyle-and-related-outcomes-in-spanish-children-and-adolescents-the-physical-activity-sedentarism-and-obesity-in-spanish-study\/","title":{"rendered":"Perceived Quality of Life Is Related to a Healthy Lifestyle and Related Outcomes in Spanish Children and Adolescents: The Physical Activity, Sedentarism, and Obesity in Spanish Study"},"content":{"rendered":"<ul>\n<li>R\u00f3denas-Munar, M., Monserrat-Mesquida, M., G\u00f3mez, S. F., W\u00e4rnberg, J., Medrano, M., Gonz\u00e1lez-Gross, M., Gusi, N., Aznar, S., Mar\u00edn-Cascales, E., Gonz\u00e1lez-Valeiro, M. A., Serra-Majem, L., Pulgar, S., Segu, M., Fit\u00f3, M., Torres, S., Benavente-Mar\u00edn, J. C., Labayen, I., Zapico, A. G., S\u00e1nchez-G\u00f3mez, J., \u2026 Tur, J. A. (2023). Perceived Quality of Life Is Related to a Healthy Lifestyle and Related Outcomes in Spanish Children and Adolescents: The Physical Activity, Sedentarism, and Obesity in Spanish Study. <em>Nutrients<\/em>, 15(24). <a href=\"https:\/\/doi.org\/10.3390\/nu15245125\">https:\/\/doi.org\/10.3390\/nu15245125<\/a><\/li>\n<\/ul>\n","protected":false},"excerpt":{"rendered":"<p>R\u00f3denas-Munar, M., Monserrat-Mesquida, M., G\u00f3mez, S. F., W\u00e4rnberg, J., Medrano, M., Gonz\u00e1lez-Gross, M., Gusi, N., Aznar, S., Mar\u00edn-Cascales, E., Gonz\u00e1lez-Valeiro, &hellip; <a href=\"https:\/\/mon.uvic.cat\/butlleti-recerca\/2024\/02\/19\/perceived-quality-of-life-is-related-to-a-healthy-lifestyle-and-related-outcomes-in-spanish-children-and-adolescents-the-physical-activity-sedentarism-and-obesity-in-spanish-study\/\">Read More<\/a><\/p>\n","protected":false},"author":430,"featured_media":0,"comment_status":"open","ping_status":"open","sticky":false,"template":"","format":"standard","meta":{"_price":"","_stock":"","_tribe_ticket_header":"","_tribe_default_ticket_provider":"","_tribe_ticket_capacity":"0","_ticket_start_date":"","_ticket_end_date":"","_tribe_ticket_show_description":"","_tribe_ticket_show_not_going":false,"_tribe_ticket_use_global_stock":"","_tribe_ticket_global_stock_level":"","_global_stock_mode":"","_global_stock_cap":"","_tribe_rsvp_for_event":"","_tribe_ticket_going_count":"","_tribe_ticket_not_going_count":"","_tribe_tickets_list":"[]","_tribe_ticket_has_attendee_info_fields":false,"jetpack_post_was_ever_published":false,"_jetpack_newsletter_access":"","_jetpack_dont_email_post_to_subs":false,"_jetpack_newsletter_tier_id":0,"_jetpack_memberships_contains_paywalled_content":false,"_jetpack_memberships_contains_paid_content":false,"footnotes":"","jetpack_publicize_message":"","jetpack_publicize_feature_enabled":true,"jetpack_social_post_already_shared":false,"jetpack_social_options":{"image_generator_settings":{"template":"highway","default_image_id":0,"font":"","enabled":false},"version":2}},"categories":[4],"tags":[],"class_list":["post-19697","post","type-post","status-publish","format-standard","hentry","category-publicacions"],"jetpack_publicize_connections":[],"jetpack_featured_media_url":"","jetpack_sharing_enabled":true,"jetpack_shortlink":"https:\/\/wp.me\/paCdMn-57H","publishpress_future_action":{"enabled":false,"date":"2026-05-04 17:10:57","action":"change-status","newStatus":"trash","terms":[],"taxonomy":"category","extraData":[]},"publishpress_future_workflow_manual_trigger":{"enabledWorkflows":[]},"_links":{"self":[{"href":"https:\/\/mon.uvic.cat\/butlleti-recerca\/wp-json\/wp\/v2\/posts\/19697","targetHints":{"allow":["GET"]}}],"collection":[{"href":"https:\/\/mon.uvic.cat\/butlleti-recerca\/wp-json\/wp\/v2\/posts"}],"about":[{"href":"https:\/\/mon.uvic.cat\/butlleti-recerca\/wp-json\/wp\/v2\/types\/post"}],"author":[{"embeddable":true,"href":"https:\/\/mon.uvic.cat\/butlleti-recerca\/wp-json\/wp\/v2\/users\/430"}],"replies":[{"embeddable":true,"href":"https:\/\/mon.uvic.cat\/butlleti-recerca\/wp-json\/wp\/v2\/comments?post=19697"}],"version-history":[{"count":1,"href":"https:\/\/mon.uvic.cat\/butlleti-recerca\/wp-json\/wp\/v2\/posts\/19697\/revisions"}],"predecessor-version":[{"id":19698,"href":"https:\/\/mon.uvic.cat\/butlleti-recerca\/wp-json\/wp\/v2\/posts\/19697\/revisions\/19698"}],"wp:attachment":[{"href":"https:\/\/mon.uvic.cat\/butlleti-recerca\/wp-json\/wp\/v2\/media?parent=19697"}],"wp:term":[{"taxonomy":"category","embeddable":true,"href":"https:\/\/mon.uvic.cat\/butlleti-recerca\/wp-json\/wp\/v2\/categories?post=19697"},{"taxonomy":"post_tag","embeddable":true,"href":"https:\/\/mon.uvic.cat\/butlleti-recerca\/wp-json\/wp\/v2\/tags?post=19697"}],"curies":[{"name":"wp","href":"https:\/\/api.w.org\/{rel}","templated":true}]}}