{"id":19633,"date":"2024-02-12T16:05:24","date_gmt":"2024-02-12T14:05:24","guid":{"rendered":"https:\/\/mon.uvic.cat\/butlleti-recerca\/?p=19633"},"modified":"2024-02-12T16:05:24","modified_gmt":"2024-02-12T14:05:24","slug":"la-unesco-publica-un-document-per-copsar-lestat-de-la-ciencia-oberta-a-nivell-mundial","status":"publish","type":"post","link":"https:\/\/mon.uvic.cat\/butlleti-recerca\/2024\/02\/12\/la-unesco-publica-un-document-per-copsar-lestat-de-la-ciencia-oberta-a-nivell-mundial\/","title":{"rendered":"La UNESCO publica un document per copsar l&#8217;estat de la ci\u00e8ncia oberta a nivell mundial"},"content":{"rendered":"<p>La UNESCO ha publicat a finals de 2023 el document &#8220;<a href=\"https:\/\/doi.org\/10.54677\/GIIC6829\" target=\"_blank\" rel=\"noopener\">Open Science Outlook 1: status and trends around the world<\/a>&#8220;, on descriu i profunditza sobre l&#8217;estat de la ci\u00e8ncia oberta i les seves tend\u00e8ncies globals, regionals i nacionals que marcaran la pr\u00e0ctica cient\u00edfica els propers anys. En motiu d&#8217;aquesta publicaci\u00f3, Llu\u00eds Anglada, assessor de ci\u00e8ncia oberta del CSUC, ha escrit un article a\u00a0<em>Blok de bid<\/em>\u00a0en qu\u00e8 ressalta la rellev\u00e0ncia de la publicaci\u00f3 de la UNESCO. I \u00e9s que, diu, &#8220;no \u00e9s nom\u00e9s un informe, sin\u00f3 que vol ser tamb\u00e9 una plataforma de recollida i intercanvi de coneixements sobre les diferents pr\u00e0ctiques de ci\u00e8ncia oberta&#8221;.<\/p>\n<p>En el seu article &#8220;<a href=\"https:\/\/www.ub.edu\/blokdebid\/es\/content\/ciencia-abierta-un-concepto-y-movimiento-globales-y-en-transicion\" target=\"_blank\" rel=\"noopener\">Ciencia Abierta: un concepto y movimiento globales (y en transici\u00f3n)<\/a>&#8220;, Anglada parla de la intenci\u00f3 de la UNESCO d&#8217;actualitzar regularment la publicaci\u00f3 i fer un seguiment de l&#8217;evoluci\u00f3 del moviment en l&#8217;\u00e0mbit internacional. Tot plegat amb l&#8217;objectiu d&#8217;estendre els aprenentatges i accelerar els canvis. La publicaci\u00f3 de la UNESCO\u00a0ha estat feta a partir de les aportacions d&#8217;un ampli nombre d&#8217;experts internacionals, per\u00f2 es preveu fer la propera l&#8217;any 2025 partint de la informaci\u00f3 aportada pels pa\u00efsos sobre la implementaci\u00f3 de la &#8220;<a href=\"https:\/\/doi.org\/10.54677\/YDOG4702\" target=\"_blank\" rel=\"noopener\">Recomanaci\u00f3 de la UNESCO sobre Ci\u00e8ncia Oberta<\/a>&#8220;, de l&#8217;any 2021.<\/p>\n<p>Aquest panorama es desenvolupa en quatre cap\u00edtols, per\u00f2 el contingut queda resumit en uns missatges clau que Anglada recomana llegir (s\u00f3n nom\u00e9s dues p\u00e0gines!). Els missatges es poden sintetitzar de la seg\u00fcent manera:<\/p>\n<ul>\n<li>L&#8217;adopci\u00f3 dels principis de la ci\u00e8ncia oberta s\u00f3n beneficiosos tant per a la ci\u00e8ncia mateixa com per a la societat.<\/li>\n<li>La ci\u00e8ncia oberta t\u00e9 el potencial de reduir desigualtats i nom\u00e9s pot avan\u00e7ar tenint en compte les diferents perspectives (disciplin\u00e0ries i regionals) de la recerca.<\/li>\n<li>Cal monitorar els aven\u00e7os que es produeixin en la ci\u00e8ncia oberta.<\/li>\n<li>La realitzaci\u00f3 de la ci\u00e8ncia oberta dep\u00e8n que hi hagi un canvi en la cultura cient\u00edfica.<\/li>\n<li>Calen accions i inversions coordinades per tal d&#8217;accelerar la transici\u00f3 cap a una ci\u00e8ncia oberta global i equitativa.<\/li>\n<\/ul>\n<p>Consulta l&#8217;article sencer publicat al\u00a0<a href=\"https:\/\/www.ub.edu\/blokdebid\/es\/content\/ciencia-abierta-un-concepto-y-movimiento-globales-y-en-transicion\" target=\"_blank\" rel=\"noopener\"><em>Blok de bid<\/em><\/a>!<\/p>\n<p><strong>Font<\/strong>: <a href=\"https:\/\/www.csuc.cat\/ca\/noticia\/la-unesco-publica-un-document-copsar-lestat-de-la-ciencia-oberta-nivell-mundial\">CSUC<\/a>, 12\/02\/2024<\/p>\n","protected":false},"excerpt":{"rendered":"<p>La UNESCO ha publicat a finals de 2023 el document &#8220;Open Science Outlook 1: status and trends around the world&#8220;, &hellip; <a href=\"https:\/\/mon.uvic.cat\/butlleti-recerca\/2024\/02\/12\/la-unesco-publica-un-document-per-copsar-lestat-de-la-ciencia-oberta-a-nivell-mundial\/\">Read More<\/a><\/p>\n","protected":false},"author":430,"featured_media":19636,"comment_status":"open","ping_status":"open","sticky":false,"template":"","format":"standard","meta":{"_price":"","_stock":"","_tribe_ticket_header":"","_tribe_default_ticket_provider":"","_tribe_ticket_capacity":"0","_ticket_start_date":"","_ticket_end_date":"","_tribe_ticket_show_description":"","_tribe_ticket_show_not_going":false,"_tribe_ticket_use_global_stock":"","_tribe_ticket_global_stock_level":"","_global_stock_mode":"","_global_stock_cap":"","_tribe_rsvp_for_event":"","_tribe_ticket_going_count":"","_tribe_ticket_not_going_count":"","_tribe_tickets_list":"[]","_tribe_ticket_has_attendee_info_fields":false,"jetpack_post_was_ever_published":false,"_jetpack_newsletter_access":"","_jetpack_dont_email_post_to_subs":false,"_jetpack_newsletter_tier_id":0,"_jetpack_memberships_contains_paywalled_content":false,"_jetpack_memberships_contains_paid_content":false,"footnotes":"","jetpack_publicize_message":"","jetpack_publicize_feature_enabled":true,"jetpack_social_post_already_shared":true,"jetpack_social_options":{"image_generator_settings":{"template":"highway","default_image_id":0,"font":"","enabled":false},"version":2}},"categories":[35],"tags":[],"class_list":["post-19633","post","type-post","status-publish","format-standard","has-post-thumbnail","hentry","category-noticies"],"jetpack_publicize_connections":[],"jetpack_featured_media_url":"https:\/\/mon.uvic.cat\/butlleti-recerca\/files\/2024\/02\/Noticia_CSUC_12022004-_CANVA.jpg","jetpack_sharing_enabled":true,"jetpack_shortlink":"https:\/\/wp.me\/paCdMn-56F","publishpress_future_action":{"enabled":false,"date":"2026-05-04 17:09:31","action":"change-status","newStatus":"trash","terms":[],"taxonomy":"category","extraData":[]},"publishpress_future_workflow_manual_trigger":{"enabledWorkflows":[]},"_links":{"self":[{"href":"https:\/\/mon.uvic.cat\/butlleti-recerca\/wp-json\/wp\/v2\/posts\/19633","targetHints":{"allow":["GET"]}}],"collection":[{"href":"https:\/\/mon.uvic.cat\/butlleti-recerca\/wp-json\/wp\/v2\/posts"}],"about":[{"href":"https:\/\/mon.uvic.cat\/butlleti-recerca\/wp-json\/wp\/v2\/types\/post"}],"author":[{"embeddable":true,"href":"https:\/\/mon.uvic.cat\/butlleti-recerca\/wp-json\/wp\/v2\/users\/430"}],"replies":[{"embeddable":true,"href":"https:\/\/mon.uvic.cat\/butlleti-recerca\/wp-json\/wp\/v2\/comments?post=19633"}],"version-history":[{"count":1,"href":"https:\/\/mon.uvic.cat\/butlleti-recerca\/wp-json\/wp\/v2\/posts\/19633\/revisions"}],"predecessor-version":[{"id":19634,"href":"https:\/\/mon.uvic.cat\/butlleti-recerca\/wp-json\/wp\/v2\/posts\/19633\/revisions\/19634"}],"wp:featuredmedia":[{"embeddable":true,"href":"https:\/\/mon.uvic.cat\/butlleti-recerca\/wp-json\/wp\/v2\/media\/19636"}],"wp:attachment":[{"href":"https:\/\/mon.uvic.cat\/butlleti-recerca\/wp-json\/wp\/v2\/media?parent=19633"}],"wp:term":[{"taxonomy":"category","embeddable":true,"href":"https:\/\/mon.uvic.cat\/butlleti-recerca\/wp-json\/wp\/v2\/categories?post=19633"},{"taxonomy":"post_tag","embeddable":true,"href":"https:\/\/mon.uvic.cat\/butlleti-recerca\/wp-json\/wp\/v2\/tags?post=19633"}],"curies":[{"name":"wp","href":"https:\/\/api.w.org\/{rel}","templated":true}]}}