{"id":19087,"date":"2024-01-15T20:58:18","date_gmt":"2024-01-15T18:58:18","guid":{"rendered":"https:\/\/mon.uvic.cat\/butlleti-recerca\/?p=19087"},"modified":"2024-01-15T20:58:18","modified_gmt":"2024-01-15T18:58:18","slug":"una-mirada-feminista-y-carinosa-a-la-sociedad-de-estadistica-e-investigacion-operativa","status":"publish","type":"post","link":"https:\/\/mon.uvic.cat\/butlleti-recerca\/2024\/01\/15\/una-mirada-feminista-y-carinosa-a-la-sociedad-de-estadistica-e-investigacion-operativa\/","title":{"rendered":"Una mirada feminista y cari\u00f1osa a la Sociedad de Estad\u00edstica e Investigaci\u00f3n Operativa"},"content":{"rendered":"<ul>\n<li>Armero, C., Vallada, E., \u00c1lvarez-Mozos, M., Arostegui, I., Barber, X., Calle, M. L., Forte, A., Giner-Bosch, V., Justel, A., Moler, J. A., Ruiz, M. D., &amp; Villa, F. (2022). Una mirada feminista y cari\u00f1osa a la Sociedad de Estad\u00edstica e Investigaci\u00f3n Operativa. <em>Bolet\u00edn de Estad\u00edstica e Investigaci\u00f3n Operativa<\/em>, 38(2).<a href=\"https:\/\/tuit.cat\/3014l\">https:\/\/tuit.cat\/3014l<\/a><\/li>\n<\/ul>\n","protected":false},"excerpt":{"rendered":"<p>Armero, C., Vallada, E., \u00c1lvarez-Mozos, M., Arostegui, I., Barber, X., Calle, M. L., Forte, A., Giner-Bosch, V., Justel, A., Moler, &hellip; <a href=\"https:\/\/mon.uvic.cat\/butlleti-recerca\/2024\/01\/15\/una-mirada-feminista-y-carinosa-a-la-sociedad-de-estadistica-e-investigacion-operativa\/\">Read More<\/a><\/p>\n","protected":false},"author":430,"featured_media":0,"comment_status":"open","ping_status":"open","sticky":false,"template":"","format":"standard","meta":{"_price":"","_stock":"","_tribe_ticket_header":"","_tribe_default_ticket_provider":"","_tribe_ticket_capacity":"0","_ticket_start_date":"","_ticket_end_date":"","_tribe_ticket_show_description":"","_tribe_ticket_show_not_going":false,"_tribe_ticket_use_global_stock":"","_tribe_ticket_global_stock_level":"","_global_stock_mode":"","_global_stock_cap":"","_tribe_rsvp_for_event":"","_tribe_ticket_going_count":"","_tribe_ticket_not_going_count":"","_tribe_tickets_list":"[]","_tribe_ticket_has_attendee_info_fields":false,"jetpack_post_was_ever_published":false,"_jetpack_newsletter_access":"","_jetpack_dont_email_post_to_subs":false,"_jetpack_newsletter_tier_id":0,"_jetpack_memberships_contains_paywalled_content":false,"_jetpack_memberships_contains_paid_content":false,"footnotes":"","jetpack_publicize_message":"","jetpack_publicize_feature_enabled":true,"jetpack_social_post_already_shared":false,"jetpack_social_options":{"image_generator_settings":{"template":"highway","default_image_id":0,"font":"","enabled":false},"version":2}},"categories":[4],"tags":[],"class_list":["post-19087","post","type-post","status-publish","format-standard","hentry","category-publicacions"],"jetpack_publicize_connections":[],"jetpack_featured_media_url":"","jetpack_sharing_enabled":true,"jetpack_shortlink":"https:\/\/wp.me\/paCdMn-4XR","publishpress_future_action":{"enabled":false,"date":"2026-05-04 18:19:38","action":"change-status","newStatus":"trash","terms":[],"taxonomy":"category","extraData":[]},"publishpress_future_workflow_manual_trigger":{"enabledWorkflows":[]},"_links":{"self":[{"href":"https:\/\/mon.uvic.cat\/butlleti-recerca\/wp-json\/wp\/v2\/posts\/19087","targetHints":{"allow":["GET"]}}],"collection":[{"href":"https:\/\/mon.uvic.cat\/butlleti-recerca\/wp-json\/wp\/v2\/posts"}],"about":[{"href":"https:\/\/mon.uvic.cat\/butlleti-recerca\/wp-json\/wp\/v2\/types\/post"}],"author":[{"embeddable":true,"href":"https:\/\/mon.uvic.cat\/butlleti-recerca\/wp-json\/wp\/v2\/users\/430"}],"replies":[{"embeddable":true,"href":"https:\/\/mon.uvic.cat\/butlleti-recerca\/wp-json\/wp\/v2\/comments?post=19087"}],"version-history":[{"count":3,"href":"https:\/\/mon.uvic.cat\/butlleti-recerca\/wp-json\/wp\/v2\/posts\/19087\/revisions"}],"predecessor-version":[{"id":19236,"href":"https:\/\/mon.uvic.cat\/butlleti-recerca\/wp-json\/wp\/v2\/posts\/19087\/revisions\/19236"}],"wp:attachment":[{"href":"https:\/\/mon.uvic.cat\/butlleti-recerca\/wp-json\/wp\/v2\/media?parent=19087"}],"wp:term":[{"taxonomy":"category","embeddable":true,"href":"https:\/\/mon.uvic.cat\/butlleti-recerca\/wp-json\/wp\/v2\/categories?post=19087"},{"taxonomy":"post_tag","embeddable":true,"href":"https:\/\/mon.uvic.cat\/butlleti-recerca\/wp-json\/wp\/v2\/tags?post=19087"}],"curies":[{"name":"wp","href":"https:\/\/api.w.org\/{rel}","templated":true}]}}