{"id":18807,"date":"2023-12-11T15:04:38","date_gmt":"2023-12-11T13:04:38","guid":{"rendered":"https:\/\/mon.uvic.cat\/butlleti-recerca\/?p=18807"},"modified":"2023-12-11T15:04:38","modified_gmt":"2023-12-11T13:04:38","slug":"readiness-for-change-in-the-implementation-of-a-3d-printing-initiative-in-a-catalan-tertiary-hospital-using-the-normalization-process-theory-survey-study","status":"publish","type":"post","link":"https:\/\/mon.uvic.cat\/butlleti-recerca\/2023\/12\/11\/readiness-for-change-in-the-implementation-of-a-3d-printing-initiative-in-a-catalan-tertiary-hospital-using-the-normalization-process-theory-survey-study\/","title":{"rendered":"Readiness for Change in the Implementation of a 3D Printing Initiative in a Catalan Tertiary Hospital Using the Normalization Process Theory: Survey Study"},"content":{"rendered":"<ul>\n<li>Segu\u00ed, F. L., Codina, J. C., R\u00edos, L. R., Segura, M. I. M., Mezquita, L. M., Navarro, R. E., . . . Moreno-Mart\u00ednez, D. (2023). Readiness for Change in the Implementation of a 3D Printing Initiative in a Catalan Tertiary Hospital Using the Normalization Process Theory: Survey Study. <em>Jmir Human Factors<\/em>, 10, Article e47390. <a href=\"https:\/\/doi.org\/10.2196\/47390\">https:\/\/doi.org\/10.2196\/47390<\/a><\/li>\n<\/ul>\n","protected":false},"excerpt":{"rendered":"<p>Segu\u00ed, F. L., Codina, J. C., R\u00edos, L. R., Segura, M. I. M., Mezquita, L. M., Navarro, R. E., . &hellip; <a href=\"https:\/\/mon.uvic.cat\/butlleti-recerca\/2023\/12\/11\/readiness-for-change-in-the-implementation-of-a-3d-printing-initiative-in-a-catalan-tertiary-hospital-using-the-normalization-process-theory-survey-study\/\">Read More<\/a><\/p>\n","protected":false},"author":430,"featured_media":0,"comment_status":"open","ping_status":"open","sticky":false,"template":"","format":"standard","meta":{"_price":"","_stock":"","_tribe_ticket_header":"","_tribe_default_ticket_provider":"","_tribe_ticket_capacity":"0","_ticket_start_date":"","_ticket_end_date":"","_tribe_ticket_show_description":"","_tribe_ticket_show_not_going":false,"_tribe_ticket_use_global_stock":"","_tribe_ticket_global_stock_level":"","_global_stock_mode":"","_global_stock_cap":"","_tribe_rsvp_for_event":"","_tribe_ticket_going_count":"","_tribe_ticket_not_going_count":"","_tribe_tickets_list":"[]","_tribe_ticket_has_attendee_info_fields":false,"jetpack_post_was_ever_published":false,"_jetpack_newsletter_access":"","_jetpack_dont_email_post_to_subs":false,"_jetpack_newsletter_tier_id":0,"_jetpack_memberships_contains_paywalled_content":false,"_jetpack_memberships_contains_paid_content":false,"footnotes":"","jetpack_publicize_message":"","jetpack_publicize_feature_enabled":true,"jetpack_social_post_already_shared":false,"jetpack_social_options":{"image_generator_settings":{"template":"highway","default_image_id":0,"font":"","enabled":false},"version":2}},"categories":[4],"tags":[],"class_list":["post-18807","post","type-post","status-publish","format-standard","hentry","category-publicacions"],"jetpack_publicize_connections":[],"jetpack_featured_media_url":"","jetpack_sharing_enabled":true,"jetpack_shortlink":"https:\/\/wp.me\/paCdMn-4Tl","publishpress_future_action":{"enabled":false,"date":"2026-05-04 17:10:57","action":"change-status","newStatus":"trash","terms":[],"taxonomy":"category","extraData":[]},"publishpress_future_workflow_manual_trigger":{"enabledWorkflows":[]},"_links":{"self":[{"href":"https:\/\/mon.uvic.cat\/butlleti-recerca\/wp-json\/wp\/v2\/posts\/18807","targetHints":{"allow":["GET"]}}],"collection":[{"href":"https:\/\/mon.uvic.cat\/butlleti-recerca\/wp-json\/wp\/v2\/posts"}],"about":[{"href":"https:\/\/mon.uvic.cat\/butlleti-recerca\/wp-json\/wp\/v2\/types\/post"}],"author":[{"embeddable":true,"href":"https:\/\/mon.uvic.cat\/butlleti-recerca\/wp-json\/wp\/v2\/users\/430"}],"replies":[{"embeddable":true,"href":"https:\/\/mon.uvic.cat\/butlleti-recerca\/wp-json\/wp\/v2\/comments?post=18807"}],"version-history":[{"count":1,"href":"https:\/\/mon.uvic.cat\/butlleti-recerca\/wp-json\/wp\/v2\/posts\/18807\/revisions"}],"predecessor-version":[{"id":18808,"href":"https:\/\/mon.uvic.cat\/butlleti-recerca\/wp-json\/wp\/v2\/posts\/18807\/revisions\/18808"}],"wp:attachment":[{"href":"https:\/\/mon.uvic.cat\/butlleti-recerca\/wp-json\/wp\/v2\/media?parent=18807"}],"wp:term":[{"taxonomy":"category","embeddable":true,"href":"https:\/\/mon.uvic.cat\/butlleti-recerca\/wp-json\/wp\/v2\/categories?post=18807"},{"taxonomy":"post_tag","embeddable":true,"href":"https:\/\/mon.uvic.cat\/butlleti-recerca\/wp-json\/wp\/v2\/tags?post=18807"}],"curies":[{"name":"wp","href":"https:\/\/api.w.org\/{rel}","templated":true}]}}