{"id":18693,"date":"2023-11-27T18:36:45","date_gmt":"2023-11-27T16:36:45","guid":{"rendered":"https:\/\/mon.uvic.cat\/butlleti-recerca\/?p=18693"},"modified":"2023-11-27T18:36:45","modified_gmt":"2023-11-27T16:36:45","slug":"soledad-social-y-emocional-en-personas-mayores-que-viven-en-resi-dencias-geriatricas-de-espana-un-estudio-transversal","status":"publish","type":"post","link":"https:\/\/mon.uvic.cat\/butlleti-recerca\/2023\/11\/27\/soledad-social-y-emocional-en-personas-mayores-que-viven-en-resi-dencias-geriatricas-de-espana-un-estudio-transversal\/","title":{"rendered":"Soledad social y emocional en personas mayores que viven en resi-dencias geri\u00e1tricas de Espa\u00f1a: un estudio transversal"},"content":{"rendered":"<ul>\n<li>Molas-Tuneu, M., Jerez-Roig, J., Minobes-Molina, E., Coll-Planas, L., Escrib\u00e0-Salvans, A., Farr\u00e9s-Godayol, P., Yildirim, M., Rierola-Fochs, S., Goutan-Roura, E., de Souza, D. L. B., Skelton, D. A., &amp; Naud\u00f3-Molist, J. (2023). Soledad social y emocional en personas mayores que viven en resi-dencias geri\u00e1tricas de Espa\u00f1a: un estudio transversal. <em>Anales de Psicologia<\/em>, 39(3), 465-477.\u00a0 <a href=\"https:\/\/doi.org\/10.6018\/analesps.530641\">https:\/\/doi.org\/10.6018\/analesps.530641<\/a><\/li>\n<\/ul>\n","protected":false},"excerpt":{"rendered":"<p>Molas-Tuneu, M., Jerez-Roig, J., Minobes-Molina, E., Coll-Planas, L., Escrib\u00e0-Salvans, A., Farr\u00e9s-Godayol, P., Yildirim, M., Rierola-Fochs, S., Goutan-Roura, E., de Souza, &hellip; <a href=\"https:\/\/mon.uvic.cat\/butlleti-recerca\/2023\/11\/27\/soledad-social-y-emocional-en-personas-mayores-que-viven-en-resi-dencias-geriatricas-de-espana-un-estudio-transversal\/\">Read More<\/a><\/p>\n","protected":false},"author":430,"featured_media":0,"comment_status":"open","ping_status":"open","sticky":false,"template":"","format":"standard","meta":{"_price":"","_stock":"","_tribe_ticket_header":"","_tribe_default_ticket_provider":"","_tribe_ticket_capacity":"0","_ticket_start_date":"","_ticket_end_date":"","_tribe_ticket_show_description":"","_tribe_ticket_show_not_going":false,"_tribe_ticket_use_global_stock":"","_tribe_ticket_global_stock_level":"","_global_stock_mode":"","_global_stock_cap":"","_tribe_rsvp_for_event":"","_tribe_ticket_going_count":"","_tribe_ticket_not_going_count":"","_tribe_tickets_list":"[]","_tribe_ticket_has_attendee_info_fields":false,"jetpack_post_was_ever_published":false,"_jetpack_newsletter_access":"","_jetpack_dont_email_post_to_subs":false,"_jetpack_newsletter_tier_id":0,"_jetpack_memberships_contains_paywalled_content":false,"_jetpack_memberships_contains_paid_content":false,"footnotes":"","jetpack_publicize_message":"","jetpack_publicize_feature_enabled":true,"jetpack_social_post_already_shared":false,"jetpack_social_options":{"image_generator_settings":{"template":"highway","default_image_id":0,"font":"","enabled":false},"version":2}},"categories":[4],"tags":[],"class_list":["post-18693","post","type-post","status-publish","format-standard","hentry","category-publicacions"],"jetpack_publicize_connections":[],"jetpack_featured_media_url":"","jetpack_sharing_enabled":true,"jetpack_shortlink":"https:\/\/wp.me\/paCdMn-4Rv","publishpress_future_action":{"enabled":false,"date":"2026-05-04 15:16:10","action":"change-status","newStatus":"trash","terms":[],"taxonomy":"category","extraData":[]},"publishpress_future_workflow_manual_trigger":{"enabledWorkflows":[]},"_links":{"self":[{"href":"https:\/\/mon.uvic.cat\/butlleti-recerca\/wp-json\/wp\/v2\/posts\/18693","targetHints":{"allow":["GET"]}}],"collection":[{"href":"https:\/\/mon.uvic.cat\/butlleti-recerca\/wp-json\/wp\/v2\/posts"}],"about":[{"href":"https:\/\/mon.uvic.cat\/butlleti-recerca\/wp-json\/wp\/v2\/types\/post"}],"author":[{"embeddable":true,"href":"https:\/\/mon.uvic.cat\/butlleti-recerca\/wp-json\/wp\/v2\/users\/430"}],"replies":[{"embeddable":true,"href":"https:\/\/mon.uvic.cat\/butlleti-recerca\/wp-json\/wp\/v2\/comments?post=18693"}],"version-history":[{"count":1,"href":"https:\/\/mon.uvic.cat\/butlleti-recerca\/wp-json\/wp\/v2\/posts\/18693\/revisions"}],"predecessor-version":[{"id":18694,"href":"https:\/\/mon.uvic.cat\/butlleti-recerca\/wp-json\/wp\/v2\/posts\/18693\/revisions\/18694"}],"wp:attachment":[{"href":"https:\/\/mon.uvic.cat\/butlleti-recerca\/wp-json\/wp\/v2\/media?parent=18693"}],"wp:term":[{"taxonomy":"category","embeddable":true,"href":"https:\/\/mon.uvic.cat\/butlleti-recerca\/wp-json\/wp\/v2\/categories?post=18693"},{"taxonomy":"post_tag","embeddable":true,"href":"https:\/\/mon.uvic.cat\/butlleti-recerca\/wp-json\/wp\/v2\/tags?post=18693"}],"curies":[{"name":"wp","href":"https:\/\/api.w.org\/{rel}","templated":true}]}}