{"id":18593,"date":"2023-11-20T20:28:41","date_gmt":"2023-11-20T18:28:41","guid":{"rendered":"https:\/\/mon.uvic.cat\/butlleti-recerca\/?p=18593"},"modified":"2023-11-20T20:28:41","modified_gmt":"2023-11-20T18:28:41","slug":"rapid-reduction-of-hba1c-and-early-worsening-of-diabetic-retinopathy-a-real-world-population-based-study-in-subjects-with-type-2-diabetes","status":"publish","type":"post","link":"https:\/\/mon.uvic.cat\/butlleti-recerca\/2023\/11\/20\/rapid-reduction-of-hba1c-and-early-worsening-of-diabetic-retinopathy-a-real-world-population-based-study-in-subjects-with-type-2-diabetes\/","title":{"rendered":"Rapid Reduction of HbA1c and Early Worsening of Diabetic Retinopathy: A Real-world Population-Based Study in Subjects With Type 2 Diabetes"},"content":{"rendered":"<ul>\n<li>Sim\u00f3, R., Franch-Nadal, J., Vlacho, B., Real, J., Amado, E., Flores, J., Mata-Cases, M., Ortega, E., Rigla, M., Vall\u00e9s, J.-A., Hern\u00e1ndez, C., &amp; Mauricio, D. (2023). Rapid Reduction of HbA1c and Early Worsening of Diabetic Retinopathy: A Real-world Population-Based Study in Subjects With Type 2 Diabetes. <em>Diabetes Care<\/em>, 46(9), 1633-1639. <a href=\"https:\/\/doi.org\/10.2337\/dc22-2521\">https:\/\/doi.org\/10.2337\/dc22-2521<\/a><\/li>\n<\/ul>\n","protected":false},"excerpt":{"rendered":"<p>Sim\u00f3, R., Franch-Nadal, J., Vlacho, B., Real, J., Amado, E., Flores, J., Mata-Cases, M., Ortega, E., Rigla, M., Vall\u00e9s, J.-A., &hellip; <a href=\"https:\/\/mon.uvic.cat\/butlleti-recerca\/2023\/11\/20\/rapid-reduction-of-hba1c-and-early-worsening-of-diabetic-retinopathy-a-real-world-population-based-study-in-subjects-with-type-2-diabetes\/\">Read More<\/a><\/p>\n","protected":false},"author":430,"featured_media":0,"comment_status":"open","ping_status":"open","sticky":false,"template":"","format":"standard","meta":{"_price":"","_stock":"","_tribe_ticket_header":"","_tribe_default_ticket_provider":"","_tribe_ticket_capacity":"0","_ticket_start_date":"","_ticket_end_date":"","_tribe_ticket_show_description":"","_tribe_ticket_show_not_going":false,"_tribe_ticket_use_global_stock":"","_tribe_ticket_global_stock_level":"","_global_stock_mode":"","_global_stock_cap":"","_tribe_rsvp_for_event":"","_tribe_ticket_going_count":"","_tribe_ticket_not_going_count":"","_tribe_tickets_list":"[]","_tribe_ticket_has_attendee_info_fields":false,"jetpack_post_was_ever_published":false,"_jetpack_newsletter_access":"","_jetpack_dont_email_post_to_subs":false,"_jetpack_newsletter_tier_id":0,"_jetpack_memberships_contains_paywalled_content":false,"_jetpack_memberships_contains_paid_content":false,"footnotes":"","jetpack_publicize_message":"","jetpack_publicize_feature_enabled":true,"jetpack_social_post_already_shared":false,"jetpack_social_options":{"image_generator_settings":{"template":"highway","default_image_id":0,"font":"","enabled":false},"version":2}},"categories":[4],"tags":[],"class_list":["post-18593","post","type-post","status-publish","format-standard","hentry","category-publicacions"],"jetpack_publicize_connections":[],"jetpack_featured_media_url":"","jetpack_sharing_enabled":true,"jetpack_shortlink":"https:\/\/wp.me\/paCdMn-4PT","publishpress_future_action":{"enabled":false,"date":"2026-05-04 17:09:28","action":"change-status","newStatus":"trash","terms":[],"taxonomy":"category","extraData":[]},"publishpress_future_workflow_manual_trigger":{"enabledWorkflows":[]},"_links":{"self":[{"href":"https:\/\/mon.uvic.cat\/butlleti-recerca\/wp-json\/wp\/v2\/posts\/18593","targetHints":{"allow":["GET"]}}],"collection":[{"href":"https:\/\/mon.uvic.cat\/butlleti-recerca\/wp-json\/wp\/v2\/posts"}],"about":[{"href":"https:\/\/mon.uvic.cat\/butlleti-recerca\/wp-json\/wp\/v2\/types\/post"}],"author":[{"embeddable":true,"href":"https:\/\/mon.uvic.cat\/butlleti-recerca\/wp-json\/wp\/v2\/users\/430"}],"replies":[{"embeddable":true,"href":"https:\/\/mon.uvic.cat\/butlleti-recerca\/wp-json\/wp\/v2\/comments?post=18593"}],"version-history":[{"count":1,"href":"https:\/\/mon.uvic.cat\/butlleti-recerca\/wp-json\/wp\/v2\/posts\/18593\/revisions"}],"predecessor-version":[{"id":18594,"href":"https:\/\/mon.uvic.cat\/butlleti-recerca\/wp-json\/wp\/v2\/posts\/18593\/revisions\/18594"}],"wp:attachment":[{"href":"https:\/\/mon.uvic.cat\/butlleti-recerca\/wp-json\/wp\/v2\/media?parent=18593"}],"wp:term":[{"taxonomy":"category","embeddable":true,"href":"https:\/\/mon.uvic.cat\/butlleti-recerca\/wp-json\/wp\/v2\/categories?post=18593"},{"taxonomy":"post_tag","embeddable":true,"href":"https:\/\/mon.uvic.cat\/butlleti-recerca\/wp-json\/wp\/v2\/tags?post=18593"}],"curies":[{"name":"wp","href":"https:\/\/api.w.org\/{rel}","templated":true}]}}