{"id":18201,"date":"2023-10-16T18:37:18","date_gmt":"2023-10-16T16:37:18","guid":{"rendered":"https:\/\/mon.uvic.cat\/butlleti-recerca\/?p=18201"},"modified":"2023-10-16T18:37:18","modified_gmt":"2023-10-16T16:37:18","slug":"eficacia-y-seguridad-de-un-compuesto-de-acidos-grasos-hiperoxigenados-en-la-mejora-de-la-microcirculacion-de-la-purpura-fulminante-en-pacientes-pediatricos-con-sepsis-estudio-piloto","status":"publish","type":"post","link":"https:\/\/mon.uvic.cat\/butlleti-recerca\/2023\/10\/16\/eficacia-y-seguridad-de-un-compuesto-de-acidos-grasos-hiperoxigenados-en-la-mejora-de-la-microcirculacion-de-la-purpura-fulminante-en-pacientes-pediatricos-con-sepsis-estudio-piloto\/","title":{"rendered":"Eficacia y seguridad de un compuesto de \u00e1cidos grasos hiperoxigenados en la mejora de la microcirculaci\u00f3n de la p\u00farpura fulminante en pacientes pedi\u00e1tricos con sepsis: estudio piloto"},"content":{"rendered":"<ul>\n<li>P\u00e9rez-Acevedo, G., Bosch-Alcaraz, A., &amp; Torra-Bou, J. E. (2023). Eficacia y seguridad de un compuesto de \u00e1cidos grasos hiperoxigenados en la mejora de la microcirculaci\u00f3n de la p\u00farpura fulminante en pacientes pedi\u00e1tricos con sepsis: estudio piloto. <em>Enfermer\u00eda Intensiva<\/em>. <a href=\"https:\/\/doi.org\/10.1016\/j.enfi.2023.04.003\">https:\/\/doi.org\/10.1016\/j.enfi.2023.04.003<\/a><\/li>\n<\/ul>\n","protected":false},"excerpt":{"rendered":"<p>P\u00e9rez-Acevedo, G., Bosch-Alcaraz, A., &amp; Torra-Bou, J. E. (2023). Eficacia y seguridad de un compuesto de \u00e1cidos grasos hiperoxigenados en &hellip; <a href=\"https:\/\/mon.uvic.cat\/butlleti-recerca\/2023\/10\/16\/eficacia-y-seguridad-de-un-compuesto-de-acidos-grasos-hiperoxigenados-en-la-mejora-de-la-microcirculacion-de-la-purpura-fulminante-en-pacientes-pediatricos-con-sepsis-estudio-piloto\/\">Read More<\/a><\/p>\n","protected":false},"author":430,"featured_media":0,"comment_status":"open","ping_status":"open","sticky":false,"template":"","format":"standard","meta":{"_price":"","_stock":"","_tribe_ticket_header":"","_tribe_default_ticket_provider":"","_tribe_ticket_capacity":"0","_ticket_start_date":"","_ticket_end_date":"","_tribe_ticket_show_description":"","_tribe_ticket_show_not_going":false,"_tribe_ticket_use_global_stock":"","_tribe_ticket_global_stock_level":"","_global_stock_mode":"","_global_stock_cap":"","_tribe_rsvp_for_event":"","_tribe_ticket_going_count":"","_tribe_ticket_not_going_count":"","_tribe_tickets_list":"[]","_tribe_ticket_has_attendee_info_fields":false,"jetpack_post_was_ever_published":false,"_jetpack_newsletter_access":"","_jetpack_dont_email_post_to_subs":false,"_jetpack_newsletter_tier_id":0,"_jetpack_memberships_contains_paywalled_content":false,"_jetpack_memberships_contains_paid_content":false,"footnotes":"","jetpack_publicize_message":"","jetpack_publicize_feature_enabled":true,"jetpack_social_post_already_shared":false,"jetpack_social_options":{"image_generator_settings":{"template":"highway","default_image_id":0,"font":"","enabled":false},"version":2}},"categories":[4],"tags":[],"class_list":["post-18201","post","type-post","status-publish","format-standard","hentry","category-publicacions"],"jetpack_publicize_connections":[],"jetpack_featured_media_url":"","jetpack_sharing_enabled":true,"jetpack_shortlink":"https:\/\/wp.me\/paCdMn-4Jz","publishpress_future_action":{"enabled":false,"date":"2026-05-04 17:09:30","action":"change-status","newStatus":"trash","terms":[],"taxonomy":"category","extraData":[]},"publishpress_future_workflow_manual_trigger":{"enabledWorkflows":[]},"_links":{"self":[{"href":"https:\/\/mon.uvic.cat\/butlleti-recerca\/wp-json\/wp\/v2\/posts\/18201","targetHints":{"allow":["GET"]}}],"collection":[{"href":"https:\/\/mon.uvic.cat\/butlleti-recerca\/wp-json\/wp\/v2\/posts"}],"about":[{"href":"https:\/\/mon.uvic.cat\/butlleti-recerca\/wp-json\/wp\/v2\/types\/post"}],"author":[{"embeddable":true,"href":"https:\/\/mon.uvic.cat\/butlleti-recerca\/wp-json\/wp\/v2\/users\/430"}],"replies":[{"embeddable":true,"href":"https:\/\/mon.uvic.cat\/butlleti-recerca\/wp-json\/wp\/v2\/comments?post=18201"}],"version-history":[{"count":1,"href":"https:\/\/mon.uvic.cat\/butlleti-recerca\/wp-json\/wp\/v2\/posts\/18201\/revisions"}],"predecessor-version":[{"id":18202,"href":"https:\/\/mon.uvic.cat\/butlleti-recerca\/wp-json\/wp\/v2\/posts\/18201\/revisions\/18202"}],"wp:attachment":[{"href":"https:\/\/mon.uvic.cat\/butlleti-recerca\/wp-json\/wp\/v2\/media?parent=18201"}],"wp:term":[{"taxonomy":"category","embeddable":true,"href":"https:\/\/mon.uvic.cat\/butlleti-recerca\/wp-json\/wp\/v2\/categories?post=18201"},{"taxonomy":"post_tag","embeddable":true,"href":"https:\/\/mon.uvic.cat\/butlleti-recerca\/wp-json\/wp\/v2\/tags?post=18201"}],"curies":[{"name":"wp","href":"https:\/\/api.w.org\/{rel}","templated":true}]}}