{"id":18054,"date":"2023-10-09T19:23:24","date_gmt":"2023-10-09T17:23:24","guid":{"rendered":"https:\/\/mon.uvic.cat\/butlleti-recerca\/?p=18054"},"modified":"2023-10-09T19:23:24","modified_gmt":"2023-10-09T17:23:24","slug":"is-carob-flour-helpful-in-reducing-diarrhoea-associated-with-nintedanib","status":"publish","type":"post","link":"https:\/\/mon.uvic.cat\/butlleti-recerca\/2023\/10\/09\/is-carob-flour-helpful-in-reducing-diarrhoea-associated-with-nintedanib\/","title":{"rendered":"Is Carob Flour Helpful in Reducing Diarrhoea Associated With Nintedanib?"},"content":{"rendered":"<ul>\n<li>Alsina-Restoy, X., Torres-Castro, R., Caballer\u00eda, E., Siso-Comabella, M., Romano-Andrioni, B., P\u00e9rez-Rodas, N., . . . Sellar\u00e9s, J. (2023). Is Carob Flour Helpful in Reducing Diarrhoea Associated With Nintedanib? <em>Archivos de Bronconeumolog\u00eda<\/em>,\u00a059(5), 341-343.\u00a0<a href=\"https:\/\/doi.org\/10.1016\/j.arbres.2022.12.014\" target=\"_blank\" rel=\"noopener\">https:\/\/doi.org\/10.1016\/j.arbres.2022.12.014<\/a><\/li>\n<\/ul>\n","protected":false},"excerpt":{"rendered":"<p>Alsina-Restoy, X., Torres-Castro, R., Caballer\u00eda, E., Siso-Comabella, M., Romano-Andrioni, B., P\u00e9rez-Rodas, N., . . . Sellar\u00e9s, J. (2023). Is Carob &hellip; <a href=\"https:\/\/mon.uvic.cat\/butlleti-recerca\/2023\/10\/09\/is-carob-flour-helpful-in-reducing-diarrhoea-associated-with-nintedanib\/\">Read More<\/a><\/p>\n","protected":false},"author":430,"featured_media":0,"comment_status":"open","ping_status":"open","sticky":false,"template":"","format":"standard","meta":{"_price":"","_stock":"","_tribe_ticket_header":"","_tribe_default_ticket_provider":"","_tribe_ticket_capacity":"0","_ticket_start_date":"","_ticket_end_date":"","_tribe_ticket_show_description":"","_tribe_ticket_show_not_going":false,"_tribe_ticket_use_global_stock":"","_tribe_ticket_global_stock_level":"","_global_stock_mode":"","_global_stock_cap":"","_tribe_rsvp_for_event":"","_tribe_ticket_going_count":"","_tribe_ticket_not_going_count":"","_tribe_tickets_list":"[]","_tribe_ticket_has_attendee_info_fields":false,"jetpack_post_was_ever_published":false,"_jetpack_newsletter_access":"","_jetpack_dont_email_post_to_subs":false,"_jetpack_newsletter_tier_id":0,"_jetpack_memberships_contains_paywalled_content":false,"_jetpack_memberships_contains_paid_content":false,"footnotes":"","jetpack_publicize_message":"","jetpack_publicize_feature_enabled":true,"jetpack_social_post_already_shared":false,"jetpack_social_options":{"image_generator_settings":{"template":"highway","default_image_id":0,"font":"","enabled":false},"version":2}},"categories":[4],"tags":[],"class_list":["post-18054","post","type-post","status-publish","format-standard","hentry","category-publicacions"],"jetpack_publicize_connections":[],"jetpack_featured_media_url":"","jetpack_sharing_enabled":true,"jetpack_shortlink":"https:\/\/wp.me\/paCdMn-4Hc","publishpress_future_action":{"enabled":false,"date":"2026-05-04 18:22:50","action":"change-status","newStatus":"trash","terms":[],"taxonomy":"category","extraData":[]},"publishpress_future_workflow_manual_trigger":{"enabledWorkflows":[]},"_links":{"self":[{"href":"https:\/\/mon.uvic.cat\/butlleti-recerca\/wp-json\/wp\/v2\/posts\/18054","targetHints":{"allow":["GET"]}}],"collection":[{"href":"https:\/\/mon.uvic.cat\/butlleti-recerca\/wp-json\/wp\/v2\/posts"}],"about":[{"href":"https:\/\/mon.uvic.cat\/butlleti-recerca\/wp-json\/wp\/v2\/types\/post"}],"author":[{"embeddable":true,"href":"https:\/\/mon.uvic.cat\/butlleti-recerca\/wp-json\/wp\/v2\/users\/430"}],"replies":[{"embeddable":true,"href":"https:\/\/mon.uvic.cat\/butlleti-recerca\/wp-json\/wp\/v2\/comments?post=18054"}],"version-history":[{"count":2,"href":"https:\/\/mon.uvic.cat\/butlleti-recerca\/wp-json\/wp\/v2\/posts\/18054\/revisions"}],"predecessor-version":[{"id":18148,"href":"https:\/\/mon.uvic.cat\/butlleti-recerca\/wp-json\/wp\/v2\/posts\/18054\/revisions\/18148"}],"wp:attachment":[{"href":"https:\/\/mon.uvic.cat\/butlleti-recerca\/wp-json\/wp\/v2\/media?parent=18054"}],"wp:term":[{"taxonomy":"category","embeddable":true,"href":"https:\/\/mon.uvic.cat\/butlleti-recerca\/wp-json\/wp\/v2\/categories?post=18054"},{"taxonomy":"post_tag","embeddable":true,"href":"https:\/\/mon.uvic.cat\/butlleti-recerca\/wp-json\/wp\/v2\/tags?post=18054"}],"curies":[{"name":"wp","href":"https:\/\/api.w.org\/{rel}","templated":true}]}}