{"id":16992,"date":"2023-06-19T18:50:46","date_gmt":"2023-06-19T16:50:46","guid":{"rendered":"https:\/\/mon.uvic.cat\/butlleti-recerca\/?p=16992"},"modified":"2023-11-29T17:54:09","modified_gmt":"2023-11-29T15:54:09","slug":"recomanacions-a-ladministracio-publica-per-facilitar-la-implantacio-del-model-de-ciencia-oberta-a-espanya-csuc","status":"publish","type":"post","link":"https:\/\/mon.uvic.cat\/butlleti-recerca\/2023\/06\/19\/recomanacions-a-ladministracio-publica-per-facilitar-la-implantacio-del-model-de-ciencia-oberta-a-espanya-csuc\/","title":{"rendered":"Recomanacions a l\u2019administraci\u00f3 p\u00fablica per facilitar la implantaci\u00f3 del model de ci\u00e8ncia oberta a Espanya"},"content":{"rendered":"<div class=\"intro-seccion bg-lightturquoise2 py-1\">\n<div class=\"row mediumLine animated\">\n<div class=\"small-10 small-centered large-6 large-centered columns text-center\">\n<p style=\"text-align: left\">El projecte de ci\u00e8ncia oberta, coordinat per Ernest Abadal, acaba de publicar les <a href=\"http:\/\/hdl.handle.net\/2445\/198800\" target=\"_blank\" rel=\"noopener\"><em>Recomanacions a l\u2019administraci\u00f3 p\u00fablica per facilitar la implantaci\u00f3 del model de ci\u00e8ncia oberta a Espanya<\/em><\/a>, disponibles en\u00a0<a href=\"http:\/\/hdl.handle.net\/2445\/198800\" target=\"_blank\" rel=\"noopener\">catal\u00e0<\/a>,\u00a0<a href=\"http:\/\/hdl.handle.net\/2445\/198759\" target=\"_blank\" rel=\"noopener\">castell\u00e0<\/a>\u00a0i\u00a0<a href=\"http:\/\/hdl.handle.net\/2445\/198770\" target=\"_blank\" rel=\"noopener\">angl\u00e8s<\/a>.<\/p>\n<\/div>\n<\/div>\n<\/div>\n<div class=\"content-bar\">\n<div class=\"line\">\n<div class=\"row\">\n<div class=\"large-8 large-centered columns\">\n<div class=\"description-content\">\n<p dir=\"auto\">El document \u00e9s fruit d&#8217;una \u00e0mplia an\u00e0lisi de la situaci\u00f3 de la ci\u00e8ncia oberta a Espanya durant els darrers quatre\u00a0anys, quan hem\u00a0corroborat un desconeixement notable entre els principals agents implicats, en especial, el personal investigador. Per aquest motiu, i tamb\u00e9 amb la voluntat d&#8217;afavorir una transici\u00f3 cap a la ci\u00e8ncia oberta, hem elaborat unes recomanacions adre\u00e7ades a l&#8217;administraci\u00f3 p\u00fablica que serveixin per avan\u00e7ar m\u00e9s r\u00e0pidament.<\/p>\n<p dir=\"auto\">Durant el 2022 i principis del 2023, el foment de la ci\u00e8ncia oberta ha experimentat un destacat impuls des del punt de vista legal, gr\u00e0cies a la reforma de la llei de la ci\u00e8ncia i la innovaci\u00f3 (2022) i, posteriorment, amb l&#8217;entrada en vigor de la llei org\u00e0nica del sistema universitari (abril 2023). Suposen un pas molt important per posar en sintonia la investigaci\u00f3 espanyola amb el model de ci\u00e8ncia oberta, que havia estat impulsat de manera destacada per la Comissi\u00f3 Europea.<\/p>\n<p dir=\"auto\">Aquestes recomanacions tenen una primera part on es mostra els antecedents de ci\u00e8ncia oberta internacionals, nacionals i el marc legal. La segona part presenta i detalla els cinc objectius: l&#8217;acc\u00e9s obert, les dades de recerca i l&#8217;avaluaci\u00f3 de la ci\u00e8ncia, m\u00e9s dos objectius de car\u00e0cter transversal: la formaci\u00f3 i la gesti\u00f3 operativa del canvi. Us animem a consultar-les i compartir-les.<\/p>\n<\/div>\n<div class=\"pb-3\">\n<div class=\"pa-15 radius ba-1-turquoise\">\n<div class=\"row\">\n<div class=\"medium-6 columns\">\n<h5 class=\"turquoise fw-700 uppercase mb-1\">ENLLA\u00c7OS D&#8217;INTER\u00c8S<\/h5>\n<ul class=\"list-tick-dark\">\n<li><a title=\"Recomanacions a l\u2019administraci\u00f3 p\u00fablica per facilitar la implantaci\u00f3 del model de ci\u00e8ncia oberta a Espanya\" href=\"https:\/\/diposit.ub.edu\/dspace\/handle\/2445\/198800\" target=\"_blank\" rel=\"noopener\">Recomanacions a l\u2019administraci\u00f3 p\u00fablica per facilitar la implantaci\u00f3 del model de ci\u00e8ncia oberta a Espanya<\/a><\/li>\n<li><a title=\"Recomendaciones a la administraci\u00f3n p\u00fablica para facilitar la implantaci\u00f3n del modelo de ciencia abierta en Espa\u00f1a\" href=\"https:\/\/diposit.ub.edu\/dspace\/handle\/2445\/198759\" target=\"_blank\" rel=\"noopener\">Recomendaciones a la administraci\u00f3n p\u00fablica para facilitar la implantaci\u00f3n del modelo de ciencia abierta en Espa\u00f1a<\/a><\/li>\n<li><a title=\"Recommendations to the Spanish Government to Facilitate the Implementation of the Open Science Model in Spain\" href=\"https:\/\/diposit.ub.edu\/dspace\/handle\/2445\/198770\" target=\"_blank\" rel=\"noopener\">Recommendations to the Spanish Government to Facilitate the Implementation of the Open Science Model in Spain<\/a><\/li>\n<\/ul>\n<\/div>\n<\/div>\n<\/div>\n<\/div>\n<div><\/div>\n<div class=\"\"><strong>Font<\/strong>: <a href=\"https:\/\/www.csuc.cat\/ca\/noticia\/recomanacions-ladministracio-publica-facilitar-la-implantacio-del-model-de-ciencia-oberta\" target=\"_blank\" rel=\"noopener\">CSUC<\/a>, 19\/06\/2023<\/div>\n<\/div>\n<\/div>\n<\/div>\n<\/div>\n","protected":false},"excerpt":{"rendered":"<p>El projecte de ci\u00e8ncia oberta, coordinat per Ernest Abadal, acaba de publicar les Recomanacions a l\u2019administraci\u00f3 p\u00fablica per facilitar la &hellip; <a href=\"https:\/\/mon.uvic.cat\/butlleti-recerca\/2023\/06\/19\/recomanacions-a-ladministracio-publica-per-facilitar-la-implantacio-del-model-de-ciencia-oberta-a-espanya-csuc\/\">Read More<\/a><\/p>\n","protected":false},"author":430,"featured_media":18772,"comment_status":"open","ping_status":"open","sticky":false,"template":"","format":"standard","meta":{"_price":"","_stock":"","_tribe_ticket_header":"","_tribe_default_ticket_provider":"","_tribe_ticket_capacity":"0","_ticket_start_date":"","_ticket_end_date":"","_tribe_ticket_show_description":"","_tribe_ticket_show_not_going":false,"_tribe_ticket_use_global_stock":"","_tribe_ticket_global_stock_level":"","_global_stock_mode":"","_global_stock_cap":"","_tribe_rsvp_for_event":"","_tribe_ticket_going_count":"","_tribe_ticket_not_going_count":"","_tribe_tickets_list":"[]","_tribe_ticket_has_attendee_info_fields":false,"jetpack_post_was_ever_published":false,"_jetpack_newsletter_access":"","_jetpack_dont_email_post_to_subs":false,"_jetpack_newsletter_tier_id":0,"_jetpack_memberships_contains_paywalled_content":false,"_jetpack_memberships_contains_paid_content":false,"footnotes":"","jetpack_publicize_message":"","jetpack_publicize_feature_enabled":true,"jetpack_social_post_already_shared":true,"jetpack_social_options":{"image_generator_settings":{"template":"highway","default_image_id":0,"font":"","enabled":false},"version":2}},"categories":[35],"tags":[],"class_list":["post-16992","post","type-post","status-publish","format-standard","has-post-thumbnail","hentry","category-noticies"],"jetpack_publicize_connections":[],"jetpack_featured_media_url":"https:\/\/mon.uvic.cat\/butlleti-recerca\/files\/2023\/06\/Noticia_SCUS_19062023_Tris.png","jetpack_sharing_enabled":true,"jetpack_shortlink":"https:\/\/wp.me\/paCdMn-4q4","publishpress_future_action":{"enabled":false,"date":"2026-05-04 17:08:44","action":"change-status","newStatus":"trash","terms":[],"taxonomy":"category","extraData":[]},"publishpress_future_workflow_manual_trigger":{"enabledWorkflows":[]},"_links":{"self":[{"href":"https:\/\/mon.uvic.cat\/butlleti-recerca\/wp-json\/wp\/v2\/posts\/16992","targetHints":{"allow":["GET"]}}],"collection":[{"href":"https:\/\/mon.uvic.cat\/butlleti-recerca\/wp-json\/wp\/v2\/posts"}],"about":[{"href":"https:\/\/mon.uvic.cat\/butlleti-recerca\/wp-json\/wp\/v2\/types\/post"}],"author":[{"embeddable":true,"href":"https:\/\/mon.uvic.cat\/butlleti-recerca\/wp-json\/wp\/v2\/users\/430"}],"replies":[{"embeddable":true,"href":"https:\/\/mon.uvic.cat\/butlleti-recerca\/wp-json\/wp\/v2\/comments?post=16992"}],"version-history":[{"count":4,"href":"https:\/\/mon.uvic.cat\/butlleti-recerca\/wp-json\/wp\/v2\/posts\/16992\/revisions"}],"predecessor-version":[{"id":16997,"href":"https:\/\/mon.uvic.cat\/butlleti-recerca\/wp-json\/wp\/v2\/posts\/16992\/revisions\/16997"}],"wp:featuredmedia":[{"embeddable":true,"href":"https:\/\/mon.uvic.cat\/butlleti-recerca\/wp-json\/wp\/v2\/media\/18772"}],"wp:attachment":[{"href":"https:\/\/mon.uvic.cat\/butlleti-recerca\/wp-json\/wp\/v2\/media?parent=16992"}],"wp:term":[{"taxonomy":"category","embeddable":true,"href":"https:\/\/mon.uvic.cat\/butlleti-recerca\/wp-json\/wp\/v2\/categories?post=16992"},{"taxonomy":"post_tag","embeddable":true,"href":"https:\/\/mon.uvic.cat\/butlleti-recerca\/wp-json\/wp\/v2\/tags?post=16992"}],"curies":[{"name":"wp","href":"https:\/\/api.w.org\/{rel}","templated":true}]}}