{"id":15926,"date":"2023-04-11T18:04:25","date_gmt":"2023-04-11T16:04:25","guid":{"rendered":"https:\/\/mon.uvic.cat\/butlleti-recerca\/?p=15926"},"modified":"2023-04-17T17:09:49","modified_gmt":"2023-04-17T15:09:49","slug":"feasibility-of-severe-acute-respiratory-syndrome-coronavirus-2-sars-cov-2-antigen-self-testing-in-school-and-summer-camp-attendees","status":"publish","type":"post","link":"https:\/\/mon.uvic.cat\/butlleti-recerca\/2023\/04\/11\/feasibility-of-severe-acute-respiratory-syndrome-coronavirus-2-sars-cov-2-antigen-self-testing-in-school-and-summer-camp-attendees\/","title":{"rendered":"Feasibility of severe acute respiratory syndrome coronavirus 2 (SARS-CoV-2) antigen self-testing in school and summer camp attendees"},"content":{"rendered":"<ul>\n<li>Colom-Cadena, A., Mart\u00ednez-Riveros, H., Bordas, A., Alonso-Garc\u00eda, L., Montoro-Fern\u00e1ndez, M., Romano-deGea, P., &#8230;Vidal-Alaball, J,., &#8230; Agusti, C. (2023). Feasibility of severe acute respiratory syndrome coronavirus 2 (SARS-CoV-2) antigen self-testing in school and summer camp attendees. <em>Frontiers in Pediatrics<\/em>, 10, Article 975454. <a href=\"https:\/\/doi.org\/10.3389\/fped.2022.975454\" target=\"_blank\" rel=\"noopener\">https:\/\/doi.org\/10.3389\/fped.2022.975454<\/a><\/li>\n<\/ul>\n","protected":false},"excerpt":{"rendered":"<p>Colom-Cadena, A., Mart\u00ednez-Riveros, H., Bordas, A., Alonso-Garc\u00eda, L., Montoro-Fern\u00e1ndez, M., Romano-deGea, P., &#8230;Vidal-Alaball, J,., &#8230; Agusti, C. (2023). Feasibility of &hellip; <a href=\"https:\/\/mon.uvic.cat\/butlleti-recerca\/2023\/04\/11\/feasibility-of-severe-acute-respiratory-syndrome-coronavirus-2-sars-cov-2-antigen-self-testing-in-school-and-summer-camp-attendees\/\">Read More<\/a><\/p>\n","protected":false},"author":430,"featured_media":0,"comment_status":"open","ping_status":"open","sticky":false,"template":"","format":"standard","meta":{"_price":"","_stock":"","_tribe_ticket_header":"","_tribe_default_ticket_provider":"","_tribe_ticket_capacity":"0","_ticket_start_date":"","_ticket_end_date":"","_tribe_ticket_show_description":"","_tribe_ticket_show_not_going":false,"_tribe_ticket_use_global_stock":"","_tribe_ticket_global_stock_level":"","_global_stock_mode":"","_global_stock_cap":"","_tribe_rsvp_for_event":"","_tribe_ticket_going_count":"","_tribe_ticket_not_going_count":"","_tribe_tickets_list":"[]","_tribe_ticket_has_attendee_info_fields":false,"jetpack_post_was_ever_published":false,"_jetpack_newsletter_access":"","_jetpack_dont_email_post_to_subs":false,"_jetpack_newsletter_tier_id":0,"_jetpack_memberships_contains_paywalled_content":false,"_jetpack_memberships_contains_paid_content":false,"footnotes":"","jetpack_publicize_message":"","jetpack_publicize_feature_enabled":true,"jetpack_social_post_already_shared":false,"jetpack_social_options":{"image_generator_settings":{"template":"highway","default_image_id":0,"font":"","enabled":false},"version":2}},"categories":[4],"tags":[],"class_list":["post-15926","post","type-post","status-publish","format-standard","hentry","category-publicacions"],"jetpack_publicize_connections":[],"jetpack_featured_media_url":"","jetpack_sharing_enabled":true,"jetpack_shortlink":"https:\/\/wp.me\/paCdMn-48S","publishpress_future_action":{"enabled":false,"date":"2026-05-04 17:04:20","action":"change-status","newStatus":"trash","terms":[],"taxonomy":"category","extraData":[]},"publishpress_future_workflow_manual_trigger":{"enabledWorkflows":[]},"_links":{"self":[{"href":"https:\/\/mon.uvic.cat\/butlleti-recerca\/wp-json\/wp\/v2\/posts\/15926","targetHints":{"allow":["GET"]}}],"collection":[{"href":"https:\/\/mon.uvic.cat\/butlleti-recerca\/wp-json\/wp\/v2\/posts"}],"about":[{"href":"https:\/\/mon.uvic.cat\/butlleti-recerca\/wp-json\/wp\/v2\/types\/post"}],"author":[{"embeddable":true,"href":"https:\/\/mon.uvic.cat\/butlleti-recerca\/wp-json\/wp\/v2\/users\/430"}],"replies":[{"embeddable":true,"href":"https:\/\/mon.uvic.cat\/butlleti-recerca\/wp-json\/wp\/v2\/comments?post=15926"}],"version-history":[{"count":5,"href":"https:\/\/mon.uvic.cat\/butlleti-recerca\/wp-json\/wp\/v2\/posts\/15926\/revisions"}],"predecessor-version":[{"id":16091,"href":"https:\/\/mon.uvic.cat\/butlleti-recerca\/wp-json\/wp\/v2\/posts\/15926\/revisions\/16091"}],"wp:attachment":[{"href":"https:\/\/mon.uvic.cat\/butlleti-recerca\/wp-json\/wp\/v2\/media?parent=15926"}],"wp:term":[{"taxonomy":"category","embeddable":true,"href":"https:\/\/mon.uvic.cat\/butlleti-recerca\/wp-json\/wp\/v2\/categories?post=15926"},{"taxonomy":"post_tag","embeddable":true,"href":"https:\/\/mon.uvic.cat\/butlleti-recerca\/wp-json\/wp\/v2\/tags?post=15926"}],"curies":[{"name":"wp","href":"https:\/\/api.w.org\/{rel}","templated":true}]}}