{"id":15871,"date":"2023-04-03T16:25:28","date_gmt":"2023-04-03T14:25:28","guid":{"rendered":"https:\/\/mon.uvic.cat\/butlleti-recerca\/?p=15871"},"modified":"2023-04-03T16:25:28","modified_gmt":"2023-04-03T14:25:28","slug":"efecto-del-confinamiento-por-covid-19-sobre-la-incidencia-y-gravedad-de-las-caidas-en-personas-mayores-institucionalizadas-estudio-longitudinal","status":"publish","type":"post","link":"https:\/\/mon.uvic.cat\/butlleti-recerca\/2023\/04\/03\/efecto-del-confinamiento-por-covid-19-sobre-la-incidencia-y-gravedad-de-las-caidas-en-personas-mayores-institucionalizadas-estudio-longitudinal\/","title":{"rendered":"Efecto del confinamiento por COVID-19 sobre la incidencia y gravedad de las ca\u00eddas en personas mayores institucionalizadas: estudio longitudinal"},"content":{"rendered":"<ul>\n<li>Escrib\u00e0-Salvans, A., Vemorel, C., Font-Jutgl\u00e0, C., Minobes-Molina, E., Goutan-Roura, E., Rosa- Oliveira, V., Jerez-Roig, J. (2023). Efecto del confinamiento por COVID-19 sobre la incidencia y gravedad de las ca\u00eddas en personas mayores institucionalizadas: estudio longitudinal. <em>Revista Espa\u00f1ola de Geriatr\u00eda y Gerontolog\u00eda<\/em>, en premsa. <a href=\"https:\/\/doi.org\/10.1016\/j.regg.2023.02.005\" target=\"_blank\" rel=\"noopener\">https:\/\/doi.org\/10.1016\/j.regg.2023.02.005<\/a><\/li>\n<\/ul>\n","protected":false},"excerpt":{"rendered":"<p>Escrib\u00e0-Salvans, A., Vemorel, C., Font-Jutgl\u00e0, C., Minobes-Molina, E., Goutan-Roura, E., Rosa- Oliveira, V., Jerez-Roig, J. (2023). Efecto del confinamiento por &hellip; <a href=\"https:\/\/mon.uvic.cat\/butlleti-recerca\/2023\/04\/03\/efecto-del-confinamiento-por-covid-19-sobre-la-incidencia-y-gravedad-de-las-caidas-en-personas-mayores-institucionalizadas-estudio-longitudinal\/\">Read More<\/a><\/p>\n","protected":false},"author":430,"featured_media":0,"comment_status":"open","ping_status":"open","sticky":false,"template":"","format":"standard","meta":{"_price":"","_stock":"","_tribe_ticket_header":"","_tribe_default_ticket_provider":"","_tribe_ticket_capacity":"0","_ticket_start_date":"","_ticket_end_date":"","_tribe_ticket_show_description":"","_tribe_ticket_show_not_going":false,"_tribe_ticket_use_global_stock":"","_tribe_ticket_global_stock_level":"","_global_stock_mode":"","_global_stock_cap":"","_tribe_rsvp_for_event":"","_tribe_ticket_going_count":"","_tribe_ticket_not_going_count":"","_tribe_tickets_list":"[]","_tribe_ticket_has_attendee_info_fields":false,"jetpack_post_was_ever_published":false,"_jetpack_newsletter_access":"","_jetpack_dont_email_post_to_subs":false,"_jetpack_newsletter_tier_id":0,"_jetpack_memberships_contains_paywalled_content":false,"_jetpack_memberships_contains_paid_content":false,"footnotes":"","jetpack_publicize_message":"","jetpack_publicize_feature_enabled":true,"jetpack_social_post_already_shared":false,"jetpack_social_options":{"image_generator_settings":{"template":"highway","default_image_id":0,"font":"","enabled":false},"version":2}},"categories":[4],"tags":[],"class_list":["post-15871","post","type-post","status-publish","format-standard","hentry","category-publicacions"],"jetpack_publicize_connections":[],"jetpack_featured_media_url":"","jetpack_sharing_enabled":true,"jetpack_shortlink":"https:\/\/wp.me\/paCdMn-47Z","publishpress_future_action":{"enabled":false,"date":"2026-05-04 17:10:21","action":"change-status","newStatus":"trash","terms":[],"taxonomy":"category","extraData":[]},"publishpress_future_workflow_manual_trigger":{"enabledWorkflows":[]},"_links":{"self":[{"href":"https:\/\/mon.uvic.cat\/butlleti-recerca\/wp-json\/wp\/v2\/posts\/15871","targetHints":{"allow":["GET"]}}],"collection":[{"href":"https:\/\/mon.uvic.cat\/butlleti-recerca\/wp-json\/wp\/v2\/posts"}],"about":[{"href":"https:\/\/mon.uvic.cat\/butlleti-recerca\/wp-json\/wp\/v2\/types\/post"}],"author":[{"embeddable":true,"href":"https:\/\/mon.uvic.cat\/butlleti-recerca\/wp-json\/wp\/v2\/users\/430"}],"replies":[{"embeddable":true,"href":"https:\/\/mon.uvic.cat\/butlleti-recerca\/wp-json\/wp\/v2\/comments?post=15871"}],"version-history":[{"count":1,"href":"https:\/\/mon.uvic.cat\/butlleti-recerca\/wp-json\/wp\/v2\/posts\/15871\/revisions"}],"predecessor-version":[{"id":15872,"href":"https:\/\/mon.uvic.cat\/butlleti-recerca\/wp-json\/wp\/v2\/posts\/15871\/revisions\/15872"}],"wp:attachment":[{"href":"https:\/\/mon.uvic.cat\/butlleti-recerca\/wp-json\/wp\/v2\/media?parent=15871"}],"wp:term":[{"taxonomy":"category","embeddable":true,"href":"https:\/\/mon.uvic.cat\/butlleti-recerca\/wp-json\/wp\/v2\/categories?post=15871"},{"taxonomy":"post_tag","embeddable":true,"href":"https:\/\/mon.uvic.cat\/butlleti-recerca\/wp-json\/wp\/v2\/tags?post=15871"}],"curies":[{"name":"wp","href":"https:\/\/api.w.org\/{rel}","templated":true}]}}