{"id":15599,"date":"2023-03-13T16:30:03","date_gmt":"2023-03-13T14:30:03","guid":{"rendered":"https:\/\/mon.uvic.cat\/butlleti-recerca\/?p=15599"},"modified":"2023-11-29T18:13:56","modified_gmt":"2023-11-29T16:13:56","slug":"article-sobre-barreres-i-elements-afavoridors-de-la-ciencia-oberta-a-les-universitats-espanyoles","status":"publish","type":"post","link":"https:\/\/mon.uvic.cat\/butlleti-recerca\/2023\/03\/13\/article-sobre-barreres-i-elements-afavoridors-de-la-ciencia-oberta-a-les-universitats-espanyoles\/","title":{"rendered":"Article sobre barreres i elements afavoridors de la ci\u00e8ncia oberta a les universitats espanyoles"},"content":{"rendered":"<p>El darrer n\u00famero de la revista BiD ha publicat l&#8217;article &#8220;<a href=\"https:\/\/doi.org\/10.1344\/BiD2022.49.17\" target=\"_blank\" rel=\"noopener\">Les universitats espanyoles i la ci\u00e8ncia oberta: un estudi sobre barreres i elements afavoridors<\/a>&#8220;, l&#8217;objectiu del qual \u00e9s\u00a0con\u00e8ixer els factors facilitadors i les barreres que condicionen la implementaci\u00f3 de la ci\u00e8ncia oberta a les universitats, amb una atenci\u00f3 especial a l&#8217;acc\u00e9s obert, les dades de recerca i l&#8217;avaluaci\u00f3 de la ci\u00e8ncia.\u00a0L&#8217;article l&#8217;han escrit a quatre mans Francisca Abad, Aurora Gonz\u00e1lez, Ernest Abadal i Candela Oll\u00e9.<\/p>\n<p>L&#8217;article analitza les respostes dels vicerectors i vicerectores de recerca de les 76 universitats espanyoles integrades a la\u00a0<a href=\"https:\/\/www.crue.org\/\" target=\"_blank\" rel=\"noopener\">CRUE<\/a>\u00a0en una enquesta feta entre el setembre i el novembre del 2021. El q\u00fcestionari, en l\u00ednia, el componien 53 \u00edtems integrats a 13 preguntes.<\/p>\n<p>Segons els resultats, majorit\u00e0riament les compet\u00e8ncies de la ci\u00e8ncia oberta requeien al vicerectorat de recerca. Destaca la baixa freq\u00fc\u00e8ncia (18%) amb qu\u00e8 les universitats especifiquen criteris per avaluar el seu comprom\u00eds amb la ci\u00e8ncia oberta, aix\u00ed com la disponibilitat en gaireb\u00e9 totes d&#8217;un repositori.<\/p>\n<p>S&#8217;han considerat com a factors afavoridors:<\/p>\n<ul>\n<li>La coordinaci\u00f3 entre els vicerectorats i els serveis bibliotecaris.<\/li>\n<li>La import\u00e0ncia que es concedeix a la recerca en l&#8217;agenda pol\u00edtica.<\/li>\n<li>El convenciment institucional amb el canvi, entre altres factors.<\/li>\n<\/ul>\n<p>Pel que fa a l&#8217;avaluaci\u00f3, les persones enquestades\u00a0rebutgen l&#8217;\u00fas del factor d&#8217;impacte de la revista, a favor de fer una valoraci\u00f3 qualitativa de l&#8217;article, de l&#8217;\u00fas de les citacions i de la consideraci\u00f3 de l&#8217;impacte social.<\/p>\n<p><strong>Font<\/strong>: <a href=\"https:\/\/www.csuc.cat\/ca\/noticia\/article-sobre-barreres-i-elements-afavoridors-de-la-ciencia-oberta-les-universitats\" target=\"_blank\" rel=\"noopener\">CSUC<\/a>, 13\/03\/2023<\/p>\n","protected":false},"excerpt":{"rendered":"<p>El darrer n\u00famero de la revista BiD ha publicat l&#8217;article &#8220;Les universitats espanyoles i la ci\u00e8ncia oberta: un estudi sobre &hellip; <a href=\"https:\/\/mon.uvic.cat\/butlleti-recerca\/2023\/03\/13\/article-sobre-barreres-i-elements-afavoridors-de-la-ciencia-oberta-a-les-universitats-espanyoles\/\">Read More<\/a><\/p>\n","protected":false},"author":430,"featured_media":18774,"comment_status":"open","ping_status":"open","sticky":false,"template":"","format":"standard","meta":{"_price":"","_stock":"","_tribe_ticket_header":"","_tribe_default_ticket_provider":"","_tribe_ticket_capacity":"0","_ticket_start_date":"","_ticket_end_date":"","_tribe_ticket_show_description":"","_tribe_ticket_show_not_going":false,"_tribe_ticket_use_global_stock":"","_tribe_ticket_global_stock_level":"","_global_stock_mode":"","_global_stock_cap":"","_tribe_rsvp_for_event":"","_tribe_ticket_going_count":"","_tribe_ticket_not_going_count":"","_tribe_tickets_list":"[]","_tribe_ticket_has_attendee_info_fields":false,"jetpack_post_was_ever_published":false,"_jetpack_newsletter_access":"","_jetpack_dont_email_post_to_subs":false,"_jetpack_newsletter_tier_id":0,"_jetpack_memberships_contains_paywalled_content":false,"_jetpack_memberships_contains_paid_content":false,"footnotes":"","jetpack_publicize_message":"","jetpack_publicize_feature_enabled":true,"jetpack_social_post_already_shared":true,"jetpack_social_options":{"image_generator_settings":{"template":"highway","default_image_id":0,"font":"","enabled":false},"version":2}},"categories":[35],"tags":[],"class_list":["post-15599","post","type-post","status-publish","format-standard","has-post-thumbnail","hentry","category-noticies"],"jetpack_publicize_connections":[],"jetpack_featured_media_url":"https:\/\/mon.uvic.cat\/butlleti-recerca\/files\/2023\/03\/noticia-CSUC-13032023-que-arreglo-.png","jetpack_sharing_enabled":true,"jetpack_shortlink":"https:\/\/wp.me\/paCdMn-43B","publishpress_future_action":{"enabled":false,"date":"2026-05-04 16:53:55","action":"change-status","newStatus":"trash","terms":[],"taxonomy":"category","extraData":[]},"publishpress_future_workflow_manual_trigger":{"enabledWorkflows":[]},"_links":{"self":[{"href":"https:\/\/mon.uvic.cat\/butlleti-recerca\/wp-json\/wp\/v2\/posts\/15599","targetHints":{"allow":["GET"]}}],"collection":[{"href":"https:\/\/mon.uvic.cat\/butlleti-recerca\/wp-json\/wp\/v2\/posts"}],"about":[{"href":"https:\/\/mon.uvic.cat\/butlleti-recerca\/wp-json\/wp\/v2\/types\/post"}],"author":[{"embeddable":true,"href":"https:\/\/mon.uvic.cat\/butlleti-recerca\/wp-json\/wp\/v2\/users\/430"}],"replies":[{"embeddable":true,"href":"https:\/\/mon.uvic.cat\/butlleti-recerca\/wp-json\/wp\/v2\/comments?post=15599"}],"version-history":[{"count":1,"href":"https:\/\/mon.uvic.cat\/butlleti-recerca\/wp-json\/wp\/v2\/posts\/15599\/revisions"}],"predecessor-version":[{"id":15600,"href":"https:\/\/mon.uvic.cat\/butlleti-recerca\/wp-json\/wp\/v2\/posts\/15599\/revisions\/15600"}],"wp:featuredmedia":[{"embeddable":true,"href":"https:\/\/mon.uvic.cat\/butlleti-recerca\/wp-json\/wp\/v2\/media\/18774"}],"wp:attachment":[{"href":"https:\/\/mon.uvic.cat\/butlleti-recerca\/wp-json\/wp\/v2\/media?parent=15599"}],"wp:term":[{"taxonomy":"category","embeddable":true,"href":"https:\/\/mon.uvic.cat\/butlleti-recerca\/wp-json\/wp\/v2\/categories?post=15599"},{"taxonomy":"post_tag","embeddable":true,"href":"https:\/\/mon.uvic.cat\/butlleti-recerca\/wp-json\/wp\/v2\/tags?post=15599"}],"curies":[{"name":"wp","href":"https:\/\/api.w.org\/{rel}","templated":true}]}}